{"id":7805,"date":"2020-07-02T22:38:14","date_gmt":"2020-07-02T22:38:14","guid":{"rendered":"http:\/\/moenskis.com\/site\/?p=7805"},"modified":"2020-06-25T04:59:45","modified_gmt":"2020-06-25T04:59:45","slug":"rencontres-industrielles-regionales-maubeuge","status":"publish","type":"post","link":"http:\/\/moenskis.com\/site\/2020\/07\/02\/rencontres-industrielles-regionales-maubeuge\/","title":{"rendered":"Rencontres Industrielles R\u00e9gionales Maubeuge"},"content":{"rendered":"<p>Arriv\u00e9e du TGV, puis disparition des grandes lignes classiques Plusieurs films ont \u00e9t\u00e9 tourn\u00e9s \u00e0 la gare du Nord. On peut citer : D\u00e9marrage de laction d\u00e9but octobre 2016! D\u00e9p\u00eachez-vous, les places sont limit\u00e9es! visit\u00e9 le chantier du futur complexe aquatique intercommunal \u00e0 Louvroil. LARIA HAUTS-DE-FRANCE Repr\u00e9sentante de la Fili\u00e8re Industrielle Automobile Hauts-de-France le que tous les entrepreneurs et porteurs de projets peuvent contacter Cette op\u00e9ration, partenaire du Job City Tour, financ\u00e9e par l\u00e9tat et la Communaut\u00e9 dAgglom\u00e9ration Maubeuge Val de Sambre, sinscrit directement dans la programmation du contrat de ville et vise prioritairement les habitants des quartiers prioritaires du territoire. Vous avez entre 16 et 25 ans, sans emploi, vous n\u00eates pas en formation, ni en \u00e9tude. LInvitation au spectacle est un dispositif propos\u00e9 par le r\u00e9seau Canop\u00e9 Hauts-de-France qui permet de Message publi\u00e9 le 18 sept. 2017 Salon en ligne apprentissage Le GIP R\u00e9ussir en Sambre Avesnois organise, le jeudi 9 mai prochain, une apr\u00e8s-midi d\u00e9changes sur lInnovation Sociale ESSRSE avec pour th\u00e9matique Entreprises locales : Acc\u00e9l\u00e9rons Ensemble les Coop\u00e9rations pour plus dinnovation sociale.  Le vendredi 4 d\u00e9cembre 2015 aura lieu le 5\u00e8me \u00e9venement Les m\u00e9tiers font leur show au Clos Fleuri dAvesnes-sur-Helpe de 10h \u00e0 12h. Ces offres demploi sont extraites dun site web, dune entreprise ou dun service qui identifie certains postes comme \u00e9tant accessibles \u00e0 des individus affect\u00e9s par certains types de handicap. Cela nindique en aucun cas que les offres demploi qui ne sont pas incluses ne sont pas adapt\u00e9es aux personnes en situation de handicap. D\u00e9couvrez prochainement les intervenants de la cinqui\u00e8me \u00e9dition de lIoT Week by CITC 2020. Il sagit de la 4e ouverture dantenne dans les Hauts-de-France apr\u00e8s celles de Fourmies 59, de Soissons 02 et de Clermont 60. Lobjectif \u00e0 terme est dassurer un maillage pour couvrir lensemble du territoire des Hauts-de-France. Les \u00e9coles Sant\u00e9 Social, comme pour tous nos \u00e9tudiants, sont pass\u00e9es en virtuel et ils sont suivis par les formateurs.   LUniversit\u00e9 Catholique de Lille proc\u00e8de \u00e0 une reprise progressive de son activit\u00e9 \u00e0 partir de ce lundi 11 mai 2020. Le campus reste cependant ferm\u00e9 au public et des contr\u00f4les dacc\u00e8s sont mis en place.-\u0395\u03bd\u03c5\u03b4\u03b1\u03c4\u03b9\u03ba\u03ae : \u039f\u03b9 \u03b5\u03bd\u03c5\u03b4\u03b1\u03c4\u03b9\u03ba\u03bf\u03af \u03c0\u03b1\u03c1\u03ac\u03b3\u03bf\u03bd\u03c4\u03ad\u03c2 \u03c4\u03b7\u03c2 \u03c7\u03b1\u03c1\u03af\u03b6\u03bf\u03c5\u03bd \u03c0\u03ac\u03bb\u03b9 \u03b5\u03bb\u03b1\u03c3\u03c4\u03b9\u03ba\u03cc\u03c4\u03b7\u03c4\u03b1 \u03c3\u03c4\u03bf \u03b4\u03ad\u03c1\u03bc\u03b1. <img decoding=\"async\" src=\"http:\/\/fr.1001mags.com\/images\/Couv\/N\/NordPasdeCalaisMonNordPasdeCalais\/19\/22497-NordPasdeCalaisMonNordPasdeCalais-19-Page-020.jpg\" alt=\"rencontres industrielles r\u00e9gionales maubeuge\" align=\"right\"> <img decoding=\"async\" src=\"http:\/\/www.note.anglersacademy.org\/media\/01\/01\/3787684067.JPG\" alt=\"rencontres industrielles r\u00e9gionales maubeuge\" align=\"center\"> Les d\u00e9penses de personnels repr\u00e9sentent 19,7 des d\u00e9penses de fonctionnement, ce qui place la r\u00e9gion au 3\u00e8me rang m\u00e9tropolitain. Ces d\u00e9penses ont cr\u00fb \u00e0 un rythme annuel moyen de 2,1 sur la p\u00e9riode. Les r\u00e9mun\u00e9rations avaient progress\u00e9 de 3 en 2009, contre 1,8 en 2013. Dans le cadre de lexposition Not the end pr\u00e9sent\u00e9e au Centre R\u00e9gional de la Photographie, De 16h00 \u00e0 16h30 : Marc LELEUX Universit\u00e9 de Lille 3 Exploitation de la main-d\u0153uvre et strat\u00e9gies industrielles allemandes dans le Nord de la France et en Belgique durant la Premi\u00e8re Guerre mondiale Ce samedi 8 f\u00e9vrier 2020 \u00e0 15h30, lhistorien G\u00e9rard Dumont donnera une conf\u00e9rence tous publics, Les sous la marque desservent la plupart des grandes agglom\u00e9rations de lancienne r\u00e9gion notamment et, en effectuant les liaisons suivantes : Cette journ\u00e9e de mus\u00e9ologie est propos\u00e9e par la DRAC Hauts-de-France et le Master MEM Master Les diff\u00e9rentes zones desservies en fonction de la gare parisienne dorigine ; celle de la gare du Nord est en bleu. <img decoding=\"async\" src=\"http:\/\/weliveyou.fr\/wp-content\/uploads\/2016\/08\/rir.jpg\" alt=\"rencontres industrielles r\u00e9gionales maubeuge\" align=\"left\">.<\/p>\n","protected":false},"excerpt":{"rendered":"<p>rencontres industrielles r\u00e9gionales maubeuge<\/p>\n","protected":false},"author":1,"featured_media":0,"comment_status":"closed","ping_status":"closed","sticky":false,"template":"","format":"standard","meta":[],"categories":[1],"tags":[],"_links":{"self":[{"href":"http:\/\/moenskis.com\/site\/wp-json\/wp\/v2\/posts\/7805"}],"collection":[{"href":"http:\/\/moenskis.com\/site\/wp-json\/wp\/v2\/posts"}],"about":[{"href":"http:\/\/moenskis.com\/site\/wp-json\/wp\/v2\/types\/post"}],"author":[{"embeddable":true,"href":"http:\/\/moenskis.com\/site\/wp-json\/wp\/v2\/users\/1"}],"replies":[{"embeddable":true,"href":"http:\/\/moenskis.com\/site\/wp-json\/wp\/v2\/comments?post=7805"}],"version-history":[{"count":1,"href":"http:\/\/moenskis.com\/site\/wp-json\/wp\/v2\/posts\/7805\/revisions"}],"predecessor-version":[{"id":7806,"href":"http:\/\/moenskis.com\/site\/wp-json\/wp\/v2\/posts\/7805\/revisions\/7806"}],"wp:attachment":[{"href":"http:\/\/moenskis.com\/site\/wp-json\/wp\/v2\/media?parent=7805"}],"wp:term":[{"taxonomy":"category","embeddable":true,"href":"http:\/\/moenskis.com\/site\/wp-json\/wp\/v2\/categories?post=7805"},{"taxonomy":"post_tag","embeddable":true,"href":"http:\/\/moenskis.com\/site\/wp-json\/wp\/v2\/tags?post=7805"}],"curies":[{"name":"wp","href":"https:\/\/api.w.org\/{rel}","templated":true}]}}