{"id":7775,"date":"2020-07-02T11:23:48","date_gmt":"2020-07-02T11:23:48","guid":{"rendered":"http:\/\/moenskis.com\/site\/?p=7775"},"modified":"2020-06-25T04:40:11","modified_gmt":"2020-06-25T04:40:11","slug":"rencontre-quebecoise-en-haiti","status":"publish","type":"post","link":"http:\/\/moenskis.com\/site\/2020\/07\/02\/rencontre-quebecoise-en-haiti\/","title":{"rendered":"Rencontre Quebecoise En Haiti"},"content":{"rendered":"<p>\u00c9lu \u00e0 lAcad\u00e9mie fran\u00e7aise, le 12 d\u00e9cembre 2013, au fauteuil d 2 e fauteuil. Si les deux situations demeurent distinctes, il est difficile de discuter de la crise des 1500 sans r\u00e9fl\u00e9chir \u00e0 lenjeu actuel que pr\u00e9sentent les demandeurs.ses dasile ha\u00eftiens.nes particuli\u00e8rement \u00e0 la lumi\u00e8re de nombreux bouleversements sur la sc\u00e8ne politique am\u00e9ricaine. La campagne pr\u00e9sidentielle am\u00e9ricaine de 2016, impr\u00e9gn\u00e9e dun sentiment de x\u00e9nophobie, ainsi que les nombreuses d\u00e9clarations communiqu\u00e9es par le nouveau pr\u00e9sident Donald Trump depuis f\u00e9vrier 2017, conjugu\u00e9es \u00e0 certaines affirmations du premier ministre canadien Justin Trudeau ont encourag\u00e9 un climat dincertitude qui m\u00e8ne depuis plus dun an plusieurs migrants.es ha\u00eftiens.nes en situation dirr\u00e9gularit\u00e9 aux \u00c9tats-Unis \u00e0 franchir la fronti\u00e8re avec le Canada. En outre, malgr\u00e9 plusieurs protestations. En novembre 2017, le gouvernement am\u00e9ricain a signal\u00e9 son intention de r\u00e9voquer le statut de protection temporaire Temporary Protected Status-TPS accord\u00e9 \u00e0 quelque 60 000 migrants.es ha\u00eftiens.nes arriv\u00e9s.es aux \u00c9tats-Unis \u00e0 la suite du tremblement de terre de 2010. Plusieurs propos attribu\u00e9s au pr\u00e9sident am\u00e9ricain depuis d\u00e9cembre 2017 laissent \u00e9galement sous-entendre un d\u00e9dain de la part de Donald Trump \u00e0 l\u00e9gard des Ha\u00eftiens.nes. Apr\u00e8s certaines all\u00e9gations sugg\u00e9rant que le pr\u00e9sident avait avanc\u00e9, lors dune discussion sur limmigration, que les Ha\u00eftiens.es \u00e9taient tous porteurs.ses du virus du SIDA, en janvier 2018, lors de nouveaux \u00e9changes sur cette question, le pr\u00e9sident r\u00e9publicain aurait affich\u00e9, dans des termes non \u00e9quivoques, son irr\u00e9v\u00e9rence pour les migrants.es de certains pays, dont Ha\u00efti. Il reste difficile danticiper si ces remarques se traduiront v\u00e9ritablement par des actions politiques concr\u00e8tes avec pour objectif de limiter limmigration ha\u00eftienne aux \u00c9tats-Unis puisque des discussions bipartisanes entre r\u00e9publicains et d\u00e9mocrates encore en cours d\u00e9montrent le manque de consensus face \u00e0 une r\u00e9forme de limmigration. De plus, il est trop t\u00f4t pour affirmer avec quelconque autorit\u00e9, en dehors dune hausse potentielle des demandeurs.ses dasile ha\u00eftiens.nes venu.es des \u00c9tats-Unis, limpact r\u00e9el de ces d\u00e9veloppements sur le Canada. La lecture du livre de Sean Mills nous permet n\u00e9anmoins de mieux historiciser les r\u00e9flexions du pr\u00e9sident am\u00e9ricain. Au-del\u00e0 du Qu\u00e9bec, Une place au soleil rappelle bien comment ces propos affect\u00e9s de m\u00e9pris pour les Ha\u00eftiens.nes ne repr\u00e9sentent en rien des paroles d\u00e9munies de sens symbolique, mais sav\u00e8rent plut\u00f4t le fruit dune mani\u00e8re de comprendre Ha\u00efti bien ancr\u00e9e dans la pens\u00e9e occidentale depuis plus de deux si\u00e8cles. \u00c0 partir des ann\u00e9es 1980, les probl\u00e8mes sont identifi\u00e9s plus clairement : les retards scolaires et la n\u00e9cessit\u00e9 dapprentissage de la langue fran\u00e7aise ainsi que les probl\u00e9matiques de s\u00e9curit\u00e9. En dautres termes, la situation des Ha\u00eftiens devient tr\u00e8s compliqu\u00e9e. La pr\u00e9sence des Ha\u00eftiens et Ha\u00eftiennes est per\u00e7ue comme un probl\u00e8me social. Au moins trois facteurs expliquent cette perspective et la r\u00e9action d\u00e9favorable des Qu\u00e9b\u00e9cois. Il y a certes un facteur culturel et linguistique, mais le plus d\u00e9terminant est dordre \u00e9conomique. \u00c9tant donn\u00e9 que les caract\u00e9ristiques sociales, culturelles, \u00e9conomiques ne correspondent plus \u00e0 limage quon se faisait des Ha\u00eftiens, ces derniers ne semblent plus aussi facilement assimilables ni culturellement ni num\u00e9riquement. Ils constituent un groupe r\u00e9ellement autre dont les droits et les besoins \u00e9l\u00e9mentaires doivent \u00eatre pris en consid\u00e9ration. Laccueil de ces nouveaux arrivants a besoin dune politique migratoire diff\u00e9rente. <img decoding=\"async\" src=\"http:\/\/www.life.alwaysgreatsmile.com\/wp-content\/uploads\/2016\/04\/14-04-16-Myrlise-Lavaud-entour%C3%A9e-de-ses-collaborateurs.jpg\" alt=\"rencontre quebecoise en haiti\" align=\"center\"> A la Une Consultation Jeunesse Francophonie de lavenir <img decoding=\"async\" src=\"http:\/\/www.vuskforum.cf\/webengineering\/var\/uploads\/slideshowInfo\/21\/AW%20MARSEILLE%20Web%20Engineering_600x300.jpg\" alt=\"rencontre quebecoise en haiti\" align=\"right\"> Potvin, Maryse et Jean-Baptiste Leclercq, Histoires migratoires et scolaires de jeunes \u00e0 l\u00e9ducation des adultes, dans Fasal Kanout\u00e9 et Gina Lafortune dir, Familles qu\u00e9b\u00e9coises dorigine immigrante, les dynamiques de l\u00e9tablissement, Presses de lUniversit\u00e9 de Montr\u00e9al, 2011, p 129-144. Certaines familles ont effectu\u00e9 un s\u00e9jour de quelques ann\u00e9es aux \u00c9tats-Unis avant de s\u00e9tablir au Qu\u00e9bec ; dautres effectuent des va-et-vient entre Ha\u00efti, les \u00c9tats-Unis et le Qu\u00e9bec. Ainsi, des liens et des r\u00e9seaux se d\u00e9veloppent de fa\u00e7on transnationale cr\u00e9ant de nouveaux sentiments dappartenance et identit\u00e9s collectives. \u00c0 travers ses dix programmes, le dossier Femmes vise lautonomie des femmes et lam\u00e9lioration de leur condition de vie available in JSTOR and the most recently published issue of a journal. En espagnol : http:members.dandy.netorocobixtsdict.html Impossible de partager les articles de votre blog par e-mail. CANAL ADVERTISING est aujourdhui leader sur le march\u00e9 publicitaire africain. Situ\u00e9e au sud de lagglom\u00e9ration nantaise, aux portes du vignoble, la commune des Sorini\u00e8res se pose comme un v\u00e9ritable trait dunion entre la ville et la campagne. 14La famille Dabady est encore plong\u00e9e dans ce processus de s\u00e9paration-r\u00e9unification familiale au moment de lenqu\u00eate. Les parents ont pu faire venir les deux a\u00een\u00e9s, mais pour des raisons qui ne seront pas r\u00e9v\u00e9l\u00e9es en entretien, le plus jeune fils de 14 ans est rest\u00e9 au pays. La m\u00e8re \u00e9voque avec peine ce fils dont elle sest s\u00e9par\u00e9e dix ans auparavant et quelle na pas vu grandir : Je suis all\u00e9e trois fois en Ha\u00efti. La premi\u00e8re fois c\u00e9tait pour les fun\u00e9railles de ma grand-m\u00e8re et je suis rest\u00e9e une semaine seulement. Cest pas comme si tavais le temps pour les enfants. Les autres fois, c\u00e9tait deux semaines. C\u00e9tait mieux, on en a profit\u00e9, mais cest jamais assez. Elle se d\u00e9m\u00e8ne pour r\u00e9unir tous ses enfants \u00e0 ses c\u00f4t\u00e9s, mais sinterroge quant \u00e0 la viabilit\u00e9 de ce projet. Que vit ce fils qui a tour \u00e0 tour \u00e9t\u00e9 s\u00e9par\u00e9 de sa m\u00e8re et de ses fr\u00e8res? Naccumule-t-il pas une certaine ranc\u0153ur de ne pas avoir immigr\u00e9 en m\u00eame temps que ses a\u00een\u00e9s? Et quen sera-t-il des retrouvailles \u00e0 Montr\u00e9al, avec une m\u00e8re quil conna\u00eet \u00e0 peine et un beau-p\u00e8re qui est un parfait \u00e9tranger?   Certains des courriels que jai re\u00e7us de la part de jeunes de la communaut\u00e9 apr\u00e8s ma nomination mont fait voir que je joue un r\u00f4le de mod\u00e8le \u00e0 leurs yeux. <img decoding=\"async\" src=\"http:\/\/docplayer.fr\/docs-images\/44\/16561476\/images\/page_7.jpg\" alt=\"rencontre quebecoise en haiti\" align=\"left\">  Cliquez ici pour ne plus r\u00e9pondre \u00e0 ce commentaire J.K. Rowling, lune des autrices les plus lues et les plus influentes au monde, a provoqu\u00e9 toute une temp\u00eate sur son compte Twitter apr\u00e8s avoir mldr; Vous naviguez sur le nouveau site Aller au contenu principal Aller au pied de page Les 16 participants \u00e0 la r\u00e9union provenaient de lAssociation qu\u00e9b\u00e9coise pour lavancement des Nations unies AQANU, dAgro-Paix, du Groupe d\u00e9conomie solidaire du Qu\u00e9bec GESQ et dUPA D\u00e9veloppement international UPA DI. Cette belle brochette de partenaires collaborera \u00e0 la r\u00e9alisation du projet, avec un appui financier de 240 000 sur trois ans du Minist\u00e8re qu\u00e9b\u00e9cois des Relations internationales MRI.<\/p>\n","protected":false},"excerpt":{"rendered":"<p>rencontre quebecoise en haiti<\/p>\n","protected":false},"author":1,"featured_media":0,"comment_status":"closed","ping_status":"closed","sticky":false,"template":"","format":"standard","meta":[],"categories":[1],"tags":[],"_links":{"self":[{"href":"http:\/\/moenskis.com\/site\/wp-json\/wp\/v2\/posts\/7775"}],"collection":[{"href":"http:\/\/moenskis.com\/site\/wp-json\/wp\/v2\/posts"}],"about":[{"href":"http:\/\/moenskis.com\/site\/wp-json\/wp\/v2\/types\/post"}],"author":[{"embeddable":true,"href":"http:\/\/moenskis.com\/site\/wp-json\/wp\/v2\/users\/1"}],"replies":[{"embeddable":true,"href":"http:\/\/moenskis.com\/site\/wp-json\/wp\/v2\/comments?post=7775"}],"version-history":[{"count":1,"href":"http:\/\/moenskis.com\/site\/wp-json\/wp\/v2\/posts\/7775\/revisions"}],"predecessor-version":[{"id":7776,"href":"http:\/\/moenskis.com\/site\/wp-json\/wp\/v2\/posts\/7775\/revisions\/7776"}],"wp:attachment":[{"href":"http:\/\/moenskis.com\/site\/wp-json\/wp\/v2\/media?parent=7775"}],"wp:term":[{"taxonomy":"category","embeddable":true,"href":"http:\/\/moenskis.com\/site\/wp-json\/wp\/v2\/categories?post=7775"},{"taxonomy":"post_tag","embeddable":true,"href":"http:\/\/moenskis.com\/site\/wp-json\/wp\/v2\/tags?post=7775"}],"curies":[{"name":"wp","href":"https:\/\/api.w.org\/{rel}","templated":true}]}}