{"id":7725,"date":"2020-07-02T03:01:11","date_gmt":"2020-07-02T03:01:11","guid":{"rendered":"http:\/\/moenskis.com\/site\/?p=7725"},"modified":"2020-06-25T04:04:36","modified_gmt":"2020-06-25T04:04:36","slug":"site-rencontre-lyceen","status":"publish","type":"post","link":"http:\/\/moenskis.com\/site\/2020\/07\/02\/site-rencontre-lyceen\/","title":{"rendered":"Site Rencontre Lyceen"},"content":{"rendered":"<p>Un mois apr\u00e8s lannonce de louverture des \u00e9coles et des \u00e9tablissements scolaires, dabord en zone verte et rouge pour les \u00e9coles puis en zone orange pour les \u00e9tablissements scolaires, nous pouvons faire un premier bilan de l\u00e9tat de lacc\u00e8s au service public d\u00e9ducation sur le territoire en cette p\u00e9riode si particuli\u00e8re de crise sanitaire. Du c\u00f4t\u00e9 de notre Amicale, notre commission a du se secouer les m\u00e9ninges si je peux mexprimer ainsi pour effectuer les choix. A partir du lundi 8 juin \u00e0 8h00 : toutes les 1\u00e8resG\u00e9n\u00e9rales et Technologiques en alternance Groupe A Semaine paire Groupe B Semaine impaire Lors de la c\u00e9r\u00e9monie dhommage aux laur\u00e9ats des concours dacc\u00e8s aux Grandes Ecoles mairie de Bordeaux, le 26 novembre 2016. Originaire du P\u00e9rigord, jai achev\u00e9 ma scolarit\u00e9, en premi\u00e8re et en terminale ES, \u00e0 Grand Lebrun.  La plateforme web Horizons 21 : pour aider les lyc\u00e9ens de seconde et de premi\u00e8re \u00e0 construire leur orientation Technoforum 23 avenue Albert Einstein BP 33060-17031 La Rochelle-France Les 3T, Sc\u00e8ne conventionn\u00e9e de Ch\u00e2tellerault, vous invitent \u00e0 Fracass\u00e9s de Kate Tempest qui aura <img decoding=\"async\" src=\"http:\/\/1.bp.blogspot.com\/-ApWtAwuka24\/ViFkO7xexLI\/AAAAAAAABcc\/uC6_VYsj-g8\/s1600\/9782092558676.jpg\" alt=\"site rencontre lyceen\" align=\"center\"> Du 22 janvier au 16 mars, un parcours artistique et culturel tourn\u00e9 vers le th\u00e9\u00e2tre est ainsi propos\u00e9 aux \u00e9l\u00e8ves de 5 \u00e8mes et de 4 \u00e8mes, sur les heures daccompagnement \u00e9ducatif ou de Parcours. Des ateliers Th\u00e9\u00e2tre sont organis\u00e9s sur le temps de la pause m\u00e9ridienne pour les coll\u00e9giens. Contact aupr\u00e8s du charg\u00e9 de mission des rencontres : <img decoding=\"async\" src=\"http:\/\/www.lepoint.fr\/images\/2017\/09\/25\/10472776lpw-10472844-article-un-femme-a-l-entree-d-une-maison-close-jpg_4586360_660x281.jpg\" alt=\"site rencontre lyceen\" align=\"left\"> de vous permettre dacc\u00e9der \u00e0 des espaces r\u00e9serv\u00e9s et personnels de notre site tels que votre compte \u00e0 laide de vos identifiants., r\u00e9seau social professionnel d\u00e9di\u00e9 aux enseignants Ce faisant, ils apprennent \u00e0 se conna\u00eetre, et reprennent parfois les d\u00e9bats sur leur auteur pr\u00e9f\u00e9r\u00e9.. Ou d\u00e9test\u00e9. Retours dexp\u00e9rience pour les enseignants Le 13 f\u00e9vrier 2020, dans le cadre de la liaison lyc\u00e9e-universit\u00e9, les 92 latinistes et hell\u00e9nistes de 2nde, 1\u00e8re et Terminale de l\u00e9tablissement ont pu assister \u00e0 une conf\u00e9rence sur le th\u00e9\u00e2tre antique, donn\u00e9e par trois brillants \u00e9tudiants en Lettres Classiques de lUniversit\u00e9 Blaise Pascal. Coline Pouilloux, Romain Givry et Ma\u00fflis Plantier, \u00e9galement membres actifs de lassociation A.C.D.C., ont ainsi pu partager leur passion pour les lettres classiques, et transmettre leurs connaissances avec une \u00e9nergie communicative. Nos lyc\u00e9ens ont \u00e9galement pu b\u00e9n\u00e9ficier dune pr\u00e9sentation des <img decoding=\"async\" src=\"http:\/\/pedagogie.ac-limoges.fr\/svt\/IMG\/jpg\/article_presse_olympiades_2017-2.jpg\" alt=\"site rencontre lyceen\" align=\"left\"> 12 Lyc\u00e9ens du Lyc\u00e9e Costebelle et 10 de Pologne ont \u00e9t\u00e9s accueillis par notre partenaire des Pays Bas, des Etudiants du d\u00e9partement de lenvironnement B\u00e2ti de la Tue Universit\u00e9 dEindhoven.La bonne collaboration depuis deux ans, entre notre Lyc\u00e9e et lUniversit\u00e9 dEindhoven a permis de construire un programme pour nos Jeune du Lyc\u00e9e Pro, adapt\u00e9 \u00e0 leur formation en Arts Appliqu\u00e9s, sur le th\u00e8me de lhabitat partag\u00e9.Coach\u00e9s par les Etudiants Universitaires, ils ont altern\u00e9 visites de sites et workshops, Au terme de ces trois jours d\u00e9changes tout en anglais, par groupe de 4 2 Fran\u00e7ais et 2 Polonais ils ont pr\u00e9sent\u00e9 sur sc\u00e8ne le fruit de leurs \u00e9tudes du Bien vivre ensemble dans leur logement partag\u00e9. Lensemble f\u00fbt un r\u00e9el succ\u00e8s! Course au profit de lEcole des chiens guides daveugles de Paris  Chef associ\u00e9 de Baieta \u00e0 Paris 5\u00e8me-1 au Guide MICHELIN B\u00e2timent Facult\u00e9 Lettres, Langues, Sciences Humaines Sociales Pendant notre s\u00e9jour en Chine, nous avons eu la chance d\u00eatre accueillis au Lyc\u00e9e n9 de Qingdao. Venez nombreux pour d\u00e9couvrir la 3 e \u00e9dition de cet \u00e9v\u00e9nement artistique au lyc\u00e9e Marey Les sections europ\u00e9ennes sont ouvertes aux lyc\u00e9ens des voies g\u00e9n\u00e9rale, technologique et professionnelle. Ces sections ont pour objectif de favoriser la ma\u00eetrise avanc\u00e9e dune langue vivante par les \u00e9l\u00e8ves et louverture europ\u00e9enne et internationale des \u00e9tablissements. Monsieur Jean-Pierre Le Floch, professeur de Sciences Economiques et Sociales, est d\u00e9c\u00e9d\u00e9 ce mardi 19 mai. 2013 : Le Quatri\u00e8me Mur, Sorj Chalandon, Grasset  Nous sommes convaincus que notre \u00e9tablissement \u00e0 taille humaine, offre aux \u00e9l\u00e8ves des conditions optimales pour leur permettre de travailler et de s\u00e9panouir dans un cadre serein, apais\u00e9 et parfois exceptionnel.<\/p>\n","protected":false},"excerpt":{"rendered":"<p>site rencontre lyceen<\/p>\n","protected":false},"author":1,"featured_media":0,"comment_status":"closed","ping_status":"closed","sticky":false,"template":"","format":"standard","meta":[],"categories":[1],"tags":[],"_links":{"self":[{"href":"http:\/\/moenskis.com\/site\/wp-json\/wp\/v2\/posts\/7725"}],"collection":[{"href":"http:\/\/moenskis.com\/site\/wp-json\/wp\/v2\/posts"}],"about":[{"href":"http:\/\/moenskis.com\/site\/wp-json\/wp\/v2\/types\/post"}],"author":[{"embeddable":true,"href":"http:\/\/moenskis.com\/site\/wp-json\/wp\/v2\/users\/1"}],"replies":[{"embeddable":true,"href":"http:\/\/moenskis.com\/site\/wp-json\/wp\/v2\/comments?post=7725"}],"version-history":[{"count":1,"href":"http:\/\/moenskis.com\/site\/wp-json\/wp\/v2\/posts\/7725\/revisions"}],"predecessor-version":[{"id":7726,"href":"http:\/\/moenskis.com\/site\/wp-json\/wp\/v2\/posts\/7725\/revisions\/7726"}],"wp:attachment":[{"href":"http:\/\/moenskis.com\/site\/wp-json\/wp\/v2\/media?parent=7725"}],"wp:term":[{"taxonomy":"category","embeddable":true,"href":"http:\/\/moenskis.com\/site\/wp-json\/wp\/v2\/categories?post=7725"},{"taxonomy":"post_tag","embeddable":true,"href":"http:\/\/moenskis.com\/site\/wp-json\/wp\/v2\/tags?post=7725"}],"curies":[{"name":"wp","href":"https:\/\/api.w.org\/{rel}","templated":true}]}}