{"id":7543,"date":"2020-07-02T04:15:05","date_gmt":"2020-07-02T04:15:05","guid":{"rendered":"http:\/\/moenskis.com\/site\/?p=7543"},"modified":"2020-06-25T01:22:04","modified_gmt":"2020-06-25T01:22:04","slug":"rencontres-de-chorale","status":"publish","type":"post","link":"http:\/\/moenskis.com\/site\/2020\/07\/02\/rencontres-de-chorale\/","title":{"rendered":"Rencontres De Chorale"},"content":{"rendered":"<p>The press conference launching the Universit\u00e9 Gustave Eiffel happened Tuesday January 28th Il faut aussi nous pr\u00e9parer pour la reprise des messes dominicales que nous esp\u00e9rons pour la Pentec\u00f4te, avec toutes les mesures de distanciation et de s\u00e9curit\u00e9 sanitaire qui seront n\u00e9cessaires. Le d\u00e9veloppement de lesprit d\u00e9quipe et entrepreneurial. Les repr\u00e9sentants des familles ont \u00e9galement \u00e9t\u00e9 \u00e9lus : M. Lohat, Mme Page et Mme Duclos Rdv au Centre International dart et du paysage Gratuit. RensR\u00e9sa : 05 55 69 27 27 Sonate n o 8 en fa di\u00e8se mineur, D.571 fragment du premier mouvement Dans le cadre de la Charte d\u00e9partementale de d\u00e9veloppement de la pratique vocale et chorale, chaque ann\u00e9e, des rencontres chorales des \u00e9coles primaires sont organis\u00e9es dans la quasi totalit\u00e9 du d\u00e9partement. Celles-ci se font gr\u00e2ce \u00e0 la collaboration des DDEN, des communaut\u00e9s de communes, des mairies et de lIA du Lot. Nouvelle saison, nouvelle \u00e9dition des Journ\u00e9es europ\u00e9ennes du patrimoine.  Cette biennale se cl\u00f4turera par un spectacle au Th\u00e9\u00e2tre du Vellein, donn\u00e9 par un Ch\u0153ur \u00e9ph\u00e9m\u00e8re. Constitu\u00e9 sp\u00e9cialement pour loccasion, une douzaine de choristes dAvanie Framboise y participe., Le 1er juin, le Centre de Russie pour la science et la culture \u00e0 Paris ouvrira une nouvelle exposition pr\u00e9sent\u00e9e sur les panneaux ext\u00e9rieurs et en version \u00e9lectronique, pr\u00e9par\u00e9e \u00e0 loccasion du 75e anniversaire de la Grande Victoire en collaboration avec le Mus\u00e9e central de la Grande Guerre patriotique de  Cela nous a amen\u00e9 \u00e0 lancer des partenariats avec des associations soccupant de jeunes, le plus souvent anim\u00e9es par des Belges b\u00e9n\u00e9voles, de confession musulmane, offrant g\u00e9n\u00e9reusement leur temps libre pour, en compl\u00e9ment de l\u00e9cole et des familles, pallier les manques et rencontrer les besoins des enfants et adolescents des quartiers, en mati\u00e8re dextension sociale, culturelle et \u00e9conomique.  Comme chaque mardi, La Villette propose un nouveau contenu culturel accessible au public, dans le cadre du dispositif Culture Chez Nous lanc\u00e9 par le Minist\u00e8re de la Culture. <img decoding=\"async\" src=\"http:\/\/chorale-est-parisien.fr\/__sites__\/chorale.est-parisien\/cep-atelier-7341-646x300-160921.jpg\" alt=\"rencontres de chorale\" align=\"left\"> <img decoding=\"async\" src=\"http:\/\/www.africanum.ch\/uploads\/pics\/FLYER_2012_pour_web.jpg\" alt=\"rencontres de chorale\" align=\"right\"> Une mini entreprise tr\u00e8s active au coll\u00e8ge Jongkind, Aboutissement dun partenariat dynamique entre le rectorat de Besan\u00e7on, le Mouvement des entreprises de France M.E.D.E.F, la Chambre de commerce et dindustrie de r\u00e9gion C.C.I.R, la Conf\u00e9d\u00e9ration g\u00e9n\u00e9rale des petites et moyennes entreprises C.G.P.M.E, lUnion professionnelle artisanale U.P.A. Et la Chambre r\u00e9gionale des m\u00e9tiers et de lartisanat C.R.M.A, la Semaine \u00e9cole-entreprise b\u00e9n\u00e9ficie du soutien financier du Conseil r\u00e9gional de Franche-Comt\u00e9. <img decoding=\"async\" src=\"http:\/\/elqantara.url.ph\/wp-content\/uploads\/2018\/06\/AFFICHE-CHOR.png\" alt=\"rencontres de chorale\" align=\"right\"> D\u00e9couvrez la chorale du coll\u00e8ge Jean Perrin de B\u00e9ziers, acad\u00e9mie de Montpellier! dir, Guide de la musique symphonique, Paris,, coll. Les Indispensables de la musique, 1986, 896 p., p. 689-699 prix de l.<\/p>\n","protected":false},"excerpt":{"rendered":"<p>rencontres de chorale<\/p>\n","protected":false},"author":1,"featured_media":0,"comment_status":"closed","ping_status":"closed","sticky":false,"template":"","format":"standard","meta":[],"categories":[1],"tags":[],"_links":{"self":[{"href":"http:\/\/moenskis.com\/site\/wp-json\/wp\/v2\/posts\/7543"}],"collection":[{"href":"http:\/\/moenskis.com\/site\/wp-json\/wp\/v2\/posts"}],"about":[{"href":"http:\/\/moenskis.com\/site\/wp-json\/wp\/v2\/types\/post"}],"author":[{"embeddable":true,"href":"http:\/\/moenskis.com\/site\/wp-json\/wp\/v2\/users\/1"}],"replies":[{"embeddable":true,"href":"http:\/\/moenskis.com\/site\/wp-json\/wp\/v2\/comments?post=7543"}],"version-history":[{"count":1,"href":"http:\/\/moenskis.com\/site\/wp-json\/wp\/v2\/posts\/7543\/revisions"}],"predecessor-version":[{"id":7544,"href":"http:\/\/moenskis.com\/site\/wp-json\/wp\/v2\/posts\/7543\/revisions\/7544"}],"wp:attachment":[{"href":"http:\/\/moenskis.com\/site\/wp-json\/wp\/v2\/media?parent=7543"}],"wp:term":[{"taxonomy":"category","embeddable":true,"href":"http:\/\/moenskis.com\/site\/wp-json\/wp\/v2\/categories?post=7543"},{"taxonomy":"post_tag","embeddable":true,"href":"http:\/\/moenskis.com\/site\/wp-json\/wp\/v2\/tags?post=7543"}],"curies":[{"name":"wp","href":"https:\/\/api.w.org\/{rel}","templated":true}]}}