{"id":7539,"date":"2020-07-02T03:26:50","date_gmt":"2020-07-02T03:26:50","guid":{"rendered":"http:\/\/moenskis.com\/site\/?p=7539"},"modified":"2020-06-25T01:20:04","modified_gmt":"2020-06-25T01:20:04","slug":"rencontres-entre-sourds","status":"publish","type":"post","link":"http:\/\/moenskis.com\/site\/2020\/07\/02\/rencontres-entre-sourds\/","title":{"rendered":"Rencontres Entre Sourds"},"content":{"rendered":"<p> Vous pouvez utiliser ces balises et attributs HTML : a href title abbr title acronym title b blockquote cite cite code del datetime em i q cite strike strong France ; cela mint\u00e9resse bien, cest un endroit tranquille o\u00f9 nous pouvons communiquer, bavarder et discuter. \u03a0\u03c1\u03ad\u03c0\u03b5\u03b9 \u03bd\u03b1 \u03b4\u03b9\u03b1\u03c7\u03c9\u03c1\u03af\u03c3\u03bf\u03c5\u03bc\u03b5 : \u03c4\u03bf \u03b5\u03c5\u03b1\u03af\u03c3\u03b8\u03b7\u03c4\u03bf \u03b4\u03ad\u03c1\u03bc\u03b1 \u03b1\u03c0\u03cc \u03c4\u03bf \u03b5\u03c5\u03b1\u03b9\u03c3\u03b8\u03b7\u03c4\u03bf\u03c0\u03bf\u03b9\u03b7\u03bc\u03ad\u03bd\u03bf \u03b4\u03ad\u03c1\u03bc\u03b1. Au-del\u00e0 de la programmation de films, dexpositions et de d\u00e9bats th\u00e9matiques, laccessibilit\u00e9 au Festival, cest : Association Sportive et Loisirs des Sourds de lEssonne 91 Quelques p\u00e9riodes de fermeture pour cong\u00e9s de la charg\u00e9e de mission. Entre 3 \u00e0 4 programmes par semaine disponibles en prime time avec des audiodescriptions en fran\u00e7ais et en allemand C.M.P.R.A Centre M\u00e9dical de Phoniatrie et R\u00e9education Auditive  aider les personnes atteintes de d\u00e9ficiences auditives, partielles ou totales, Il faut r\u00e9duire les ann\u00e9es de r\u00e9f\u00e9rence de calcul des pensions aux 10 meilleures ann\u00e9es dans le priv\u00e9 ou aux 6 derniers mois dans le public pour r\u00e9duire les in\u00e9galit\u00e9s et les accidents de carri\u00e8re. Des histoires de moquerie et de d\u00e9dain, Fran\u00e7oise en a plus dun dans son sac. R\u00e9cemment, un malentendu la \u00e9norm\u00e9ment chagrin\u00e9e. Elle testait pour la premi\u00e8re fois un cours de relaxation, mais na presque rien pu entendre. A la fin du cours, elle a tent\u00e9 dexpliquer au professeur que m\u00eame si elle voulait poursuivre les cours, elle ne pourrait certainement pas revenir \u00e0 cause de son audition. La r\u00e9ponse quon lui fait semble \u00e0 c\u00f4t\u00e9 de la plaque: Vous r\u00e9fl\u00e9chissez. Il faut du temps pour savoir ce quon veut. Comme si elle n\u00e9tait pas malentendante mais simplement ind\u00e9cise. <img decoding=\"async\" src=\"http:\/\/www.banize.com\/public\/DSC07014.JPG\" alt=\"rencontres entre sourds\" align=\"right\"> Suite \u00e0 la mise en commun des travaux r\u00e9alis\u00e9s \u00e0 partir de cet entretien, les \u00e9l\u00e8ves ont \u00e9crit un article pour le programme de salle du spectacle, repris dans lInnommable. En voiture : Porte de Ch\u00e2tillon ou Porte dOrl\u00e9ans Contact et r\u00e9servation Entr\u00e9 en 2013 \u00e0 luniversit\u00e9 am\u00e9ricaine de Berkeley, le jeune Fran\u00e7ais y rencontre le N\u00e9erlandais Pieter Doevendans et le ta\u00efwanais Skinner Cheng. Ils fa\u00e7onnent ensemble le prototype qui deviendra Ava. Fin 2014, une op\u00e9ration de financement participatif en ligne sur Indiegogo leur permet, qui seront compl\u00e9t\u00e9s par une lev\u00e9e de fonds de 1,8 million de dollars en 2016, gr\u00e2ce \u00e0 des investisseurs am\u00e9ricains et fran\u00e7ais. \u039f\u03c1\u03cc\u03c2 \u03b1\u03bd\u03c4\u03b9\u03b3\u03ae\u03c1\u03b1\u03bd\u03c3\u03b7\u03c2 \u03b5\u03bc\u03c0\u03bb\u03bf\u03c5\u03c4\u03b9\u03c3\u03bc\u03ad\u03bd\u03bf\u03c2 \u03bc\u03b5 \u03b2\u03b9\u03bf\u03bb\u03bf\u03b3\u03b9\u03ba\u03cc \u03ad\u03bb\u03b1\u03b9\u03bf Baobab \u03c4\u03bf \u03bf\u03c0\u03bf\u03af\u03bf \u03c0\u03b5\u03c1\u03b9\u03ad\u03c7\u03b5\u03b9 \u03c5\u03c8\u03b7\u03bb\u03ae \u03c0\u03b5\u03c1\u03b9\u03b5\u03ba\u03c4\u03b9\u03ba\u03cc\u03c4\u03b7\u03c4\u03b1 \u03c3\u03b5 \u03a96 \u03ba\u03b1\u03b9 \u03a99 \u03bb\u03b9\u03c0\u03b1\u03c1\u03ac \u03bf\u03be\u03ad\u03b1 \u03ba\u03b1\u03b8\u03ce\u03c2 \u03ba\u03b1\u03b9 \u03b2\u03b9\u03c4\u03b1\u03bc\u03af\u03bd\u03b5\u03c2 \u0395, \u0391 \u03ba\u03b1\u03b9 C, \u03b3\u03bd\u03c9\u03c3\u03c4\u03ad\u03c2 \u03b3\u03b9\u03b1 \u03c4\u03b7\u03bd \u03b1\u03bd\u03c4\u03b9\u03bf\u03be\u03b5\u03b9\u03b4\u03c9\u03c4\u03b9\u03ba\u03ae \u03c4\u03bf\u03c5\u03c2 \u03ba\u03b1\u03b9 \u03b1\u03bd\u03c4\u03b9\u03b3\u03b7\u03c1\u03b1\u03bd\u03c4\u03b9\u03ba\u03ae \u03c4\u03bf\u03c5\u03c2 \u03b4\u03c1\u03ac\u03c3\u03b7. If You Use a Screen ReaderThis content is available through Read Online Free program, which relies on page scans. Since scans are not currently available to screen readers, please Well provide a PDF copy for your screen reader.  La Famille B\u00e9lier : support aux d\u00e9bats sur le handicap auditif sous un autre angle-Mutualit\u00e9 Fran\u00e7aise Occitanie Note : On trouvera, dans les tableaux suivants, lexpression vers Francis. Cela est d\u00fb au fait que notre informateur, interpr\u00e9tant en LSI une conf\u00e9rence donn\u00e9e en LSF par une personne pr\u00e9nomm\u00e9e Francis, devait fr\u00e9quemment regarder ce dernier pour ne pas perdre le fil du discours. Le volet 2 du fonds de solidarit\u00e9 a \u00e9t\u00e9 lanc\u00e9 le 15 avril 2020. Il permet aux b\u00e9n\u00e9ficiaires de recevoir une aide compl\u00e9mentaire pouvant aller jusqu\u00e0 5000 euros afin daffronter une impasse de tr\u00e9sorerie et pr\u00e9venir les faillites. Ce soutien suppl\u00e9mentaire peut sajouter au premier volet du fonds mis en place le 1er avril 2020, sous conditions suppl\u00e9mentaires. Europe : Belgique :, Espagne :,, Finlande :, Suisse :,, <img decoding=\"async\" src=\"http:\/\/www.yanous.com\/tribus\/sourds\/img\/Autres\/Segou.jpg\" alt=\"rencontres entre sourds\" align=\"center\"> En poursuivant votre navigation sur ce site, vous acceptez lutilisation de cookies pour r\u00e9aliser des Rencontres sourd prenantes \u00e9dit\u00e9 par lassociation Signes de sens ; concepteur Simon Houriez \u03c4\u03c1\u03bf\u03c7\u03bf\u03c2 \u03ba\u03b5\u03c1\u03b1\u03bc\u03b9\u03ba\u03b7\u03c2 \u03c4\u03b9\u03bc\u03b7 \u0395\u03b9\u03c3\u03ac\u03b3\u03b5\u03c4\u03b5 \u03c4\u03bf email \u03c3\u03b1\u03c2 \u03b3\u03b9\u03b1 \u03bd\u03b1 \u03c3\u03b1\u03c2 \u03b1\u03c0\u03bf\u03c3\u03c4\u03b5\u03af\u03bb\u03bf\u03c5\u03bc\u03b5 \u03bf\u03b4\u03b7\u03b3\u03af\u03b5\u03c2 \u03b1\u03bd\u03ac\u03ba\u03c4\u03b7\u03c3\u03b7\u03c2 \u03c4\u03bf\u03c5 \u03ba\u03c9\u03b4\u03b9\u03ba\u03bf\u03cd \u03c3\u03b1\u03c2. <img decoding=\"async\" src=\"http:\/\/associationsourdmetrage.weebly.com\/uploads\/2\/5\/1\/1\/25117993\/8955270.jpg\" alt=\"rencontres entre sourds\" align=\"center\"> Si tous les masques ne sont pas \u00e9gaux en terme de protection les dispositifs m\u00e9dicaux restent les plus s\u00fbrs les masques maisons, lorsquils sont port\u00e9s par toutes les personnes pr\u00e9sentes, limitent la diffusion des particules, \u00e0 d\u00e9faut doffrir une protection totale \u00e0 leurs porteurs. Bas\u00e9e sur les recommandations de lAfnor et sur les r\u00e9sultats dune \u00e9tude de luniversit\u00e9 de Cambridge sur le taux de protection des diff\u00e9rents types de tissus et de masques. On y apprend que, dans le cas dune rencontre entre une personne saine, et une autre infect\u00e9e, le port par cette derni\u00e8re dun masque en tissu de cat\u00e9gorie 2 limite de 70 \u00e0 80 les risques de propagation du virus vers la personne saine contre 80 pour les masques chirurgicaux et 90 \u00e0 95 pour les masques de cat\u00e9gorie 1. Ce taux monte \u00e0 90 lorsque toutes les personnes pr\u00e9sentes portent un masque de cat\u00e9gorie 2. Pour limiter au maximum les risques de contamination, quils soient faits maison, commercialis\u00e9, de cat\u00e9gorie 1 ou 2, ces masques doivent donc \u00eatre port\u00e9s par lensemble de la population pour atteindre une efficacit\u00e9 maximale. Cest la diff\u00e9rence majeure entre ces dispositifs, et les fameux masques FFP2 r\u00e9serv\u00e9s aux professionnels de sant\u00e9, qui prot\u00e8gent \u00e0 94 leur porteur, quelque soit la situation. L\u00e9ducation bilingue concerne lenfant sourd en premier mais elle concerne aussi toute sa famille et son environnement. Lassociation veille ainsi \u00e0 mettre en oeuvre des actions et des animations pour permettre aux parents mais aussi aux fr\u00e8res et soeurs, aux grands-parents dacqu\u00e9rir la langue des signes, elle provoque des occasions conviviales de rencontres entre familles sourdes et entendantes. L\u00e9ducation bilingue ne peut pas se limiter \u00e0 la simple scolarisation Elle prend lenfant sourd dans sa globalit\u00e9 comme un petit enfant en construction au sein de sa famille, de l\u00e9cole, mais aussi des structures de loisirs, de culture ou de sport.<\/p>\n","protected":false},"excerpt":{"rendered":"<p>rencontres entre sourds<\/p>\n","protected":false},"author":1,"featured_media":0,"comment_status":"closed","ping_status":"closed","sticky":false,"template":"","format":"standard","meta":[],"categories":[1],"tags":[],"_links":{"self":[{"href":"http:\/\/moenskis.com\/site\/wp-json\/wp\/v2\/posts\/7539"}],"collection":[{"href":"http:\/\/moenskis.com\/site\/wp-json\/wp\/v2\/posts"}],"about":[{"href":"http:\/\/moenskis.com\/site\/wp-json\/wp\/v2\/types\/post"}],"author":[{"embeddable":true,"href":"http:\/\/moenskis.com\/site\/wp-json\/wp\/v2\/users\/1"}],"replies":[{"embeddable":true,"href":"http:\/\/moenskis.com\/site\/wp-json\/wp\/v2\/comments?post=7539"}],"version-history":[{"count":1,"href":"http:\/\/moenskis.com\/site\/wp-json\/wp\/v2\/posts\/7539\/revisions"}],"predecessor-version":[{"id":7540,"href":"http:\/\/moenskis.com\/site\/wp-json\/wp\/v2\/posts\/7539\/revisions\/7540"}],"wp:attachment":[{"href":"http:\/\/moenskis.com\/site\/wp-json\/wp\/v2\/media?parent=7539"}],"wp:term":[{"taxonomy":"category","embeddable":true,"href":"http:\/\/moenskis.com\/site\/wp-json\/wp\/v2\/categories?post=7539"},{"taxonomy":"post_tag","embeddable":true,"href":"http:\/\/moenskis.com\/site\/wp-json\/wp\/v2\/tags?post=7539"}],"curies":[{"name":"wp","href":"https:\/\/api.w.org\/{rel}","templated":true}]}}