{"id":7127,"date":"2020-07-01T15:56:44","date_gmt":"2020-07-01T15:56:44","guid":{"rendered":"http:\/\/moenskis.com\/site\/?p=7127"},"modified":"2020-06-24T18:58:30","modified_gmt":"2020-06-24T18:58:30","slug":"rencontre-chanson-francophone","status":"publish","type":"post","link":"http:\/\/moenskis.com\/site\/2020\/07\/01\/rencontre-chanson-francophone\/","title":{"rendered":"Rencontre Chanson Francophone"},"content":{"rendered":"<p>Apr\u00e8s les meilleures sc\u00e8nes daction qui se d\u00e9roulent dans un train, une gare ou encore le long des voies ferr\u00e9es, nous nous penchons cette semaine sur les meilleures sc\u00e8nes comiques..  Les romances \u00e9crites par Marceline Desbordes-Valmore avec son amie la musicienne Pauline Duchambge, interpr\u00e9t\u00e9es par Madame Fran\u00e7oise Masset, soprano et.. Cela fait maintenant un an que Victor Hall pr\u00e9sente son \u00e9mission sur Soho Radio. Pourquoi Joie de Vic? Car Victor voulait mettre en avant la musique fran\u00e7aise aux UK et quil voulait faire partager de la musique positive, dansante, rythm\u00e9e, dream pop, color\u00e9e et mettre en avant les behind the scene des artistes. Durant deux heures, il interview en anglais, car son premier public est londonien, un artiste fran\u00e7ais dans chacune de ses \u00e9missions. Il passe environ quarante musique par \u00e9mission. Victor offre toujours un panier garni de nourriture fran\u00e7aise typique pour g\u00e2ter ses invit\u00e9s. LInstitut fran\u00e7ais promeut la culture fran\u00e7aise \u00e0 linternational en dialogue avec les cultures \u00e9trang\u00e8res. Il agit au croisement des secteurs artistiques, des \u00e9changes intellectuels, de linnovation culturelle et sociale et de la coop\u00e9ration linguistique. Il soutient \u00e0 travers le monde la promotion de la langue fran\u00e7aise, la circulation des \u0153uvres, des artistes et des id\u00e9es. LInstitut fran\u00e7ais a souhait\u00e9 sassocier \u00e0 l\u00e9dition des BIS 2020 afin de pr\u00e9senter des nouveaux dispositifs, \u00e9changer sur des nouvelles orientations et des d\u00e9veloppements dactions embl\u00e9matiques. Il sera question de la relation renouvel\u00e9e au continent africain avec la pr\u00e9sentation dun nouveau programme avec le concours de lAgence fran\u00e7aise de d\u00e9veloppement intitul\u00e9 Acc\u00e8s culture. Puis, sera abord\u00e9 lengagement vis-\u00e0-vis des sc\u00e8nes \u00e9mergentes et des sorties d\u00e9coles qui reste un socle de laction de lInstitut fran\u00e7ais mais qui se d\u00e9veloppe en sappuyant sur les dispositifs nationaux existants comme le Jeune Th\u00e9\u00e2tre en R\u00e9gion Centre port\u00e9 par le Centre dramatique national de Tours Th\u00e9\u00e2tre Olympia. Enfin, dans le secteur des musiques, deux actions seront mises en lumi\u00e8re. La premi\u00e8re concerne limpact des venues de professionnels internationaux \u00e0 loccasion de manifestations phares en France comme le festival Musica \u00e0 Strasbourg \u00e0 lautomne dernier organis\u00e9s avec le concours de nombreux partenaires. La seconde sera en musiques actuelles, avec un coup de projecteur sur un projet transmedia embl\u00e9matique \u00e0 loccasion du 5\u00e8me anniversaire en 2020 du French Miracle Tour en Asie et qui a d\u00fb \u00e9voluer sur un territoire tr\u00e8s prescripteur pour les acteurs de la fili\u00e8re musicale. Notre colloque souhaiterait \u00e9galement sint\u00e9resser \u00e0 la chanson en tant quobjet denseignement en milieu universitaire et scolaire. Quelles sont les m\u00e9thodes adopt\u00e9es pour lenseignement du genre chanson? Quelles sont les dimensions privil\u00e9gi\u00e9es le texte, la musique, lhistoire ou le contexte.? Quels en sont les objectifs acad\u00e9miques et culturels? Quels sont, l\u00e0 encore, les corpus retenus? Quelle forme donner \u00e0 lenseignement de la chanson s\u00e9minaire, cours, support p\u00e9dagogique? De m\u00eame, nous souhaiterions \u00e9tudier en particulier la place de la chanson en tant que genre dans les milieux universitaires et scolaires francophones les aborde-t-on dans le cadre de club, de cours? quelle est leur place dans les programmes universitaires. Quels en sont les enjeux pour la francophonie et pour lenseignement du fran\u00e7ais? Cette m\u00eame photo aujourdhui, on ne pourrait plus la faire! Trois hommes en train de fumer et summum! une bouteille de bi\u00e8re et un verre apparaissent! Extraordinaire.. <img decoding=\"async\" src=\"http:\/\/saopauloaccueil.org.br\/wp-content\/uploads\/2018\/09\/saopauloaccueil.org.br_aout-2018-retrospective-en-photos-28.jpg\" alt=\"rencontre chanson francophone\" align=\"left\"> iframe srchttps:www.franceinter.frembedplayeraode55cf791-43a0-4a0b-8cf8-42e8d68e3f84 width100 height64 frameborder0 scrollingnoiframe  Cest autour de la cour de r\u00e9cr\u00e9ation de lancienne \u00e9cole des gar\u00e7ons dAstaffort, devenue d\u00e9sormais La cour de cr\u00e9ation que se d\u00e9ploient les activit\u00e9s du centre des \u00e9critures de la chanson. Tout au long de lann\u00e9e, les Rencontres, R\u00e9pertoires, Labos chanson et autres ateliers se d\u00e9roulent au rythme des saisons et des chansons.. On peut r\u00e9ussir sans avoir de succ\u00e8s. La r\u00e9ussite, cest quelque chose dassez personnel. Limportant, cest de garder sa passion et faire de bonnes chansons : cest surtout ce qui me hante et ce qui me tient. Ce qui est compliqu\u00e9 cest de trouver le bon r\u00e9seau professionnel pour r\u00e9aliser son disque ou encore trouver sa maison de disque. <img decoding=\"async\" src=\"http:\/\/www.alliancefrancaise-haiti.org\/lescayes\/wp-content\/uploads\/2018\/03\/duo-pour-dom-juan-vendredi-9-mars-2018.jpg\" alt=\"rencontre chanson francophone\" align=\"left\">  <img decoding=\"async\" src=\"http:\/\/3.bp.blogspot.com\/-7qX5JAOlFO8\/VU_ze5gwhgI\/AAAAAAAAAfs\/XXGWZsQCgek\/s1600\/Thomas%2BPradier.jpg\" alt=\"rencontre chanson francophone\" align=\"left\"> Jeune et d\u00e9termin\u00e9e, Aya Nakamura sest impos\u00e9e dans toute lEurope avec ses rythmes et son d\u00e9hanch\u00e9 de folie. Elle sest fait conna\u00eetre gr\u00e2ce aux r\u00e9seaux sociaux et depuis, son succ\u00e8s ne semble pas conna\u00eetre de limites. La GRC a publi\u00e9 la vid\u00e9o prise de la voiture de police de ses agents lors de larrestation du chef autochtone. Le T\u00e9l\u00e9gramme-Chanson francophone La preuve par six Pour la premi\u00e8re fois, le taux de criminalit\u00e9 \u00e0 Londres a d\u00e9pass\u00e9 celui de New-York en f\u00e9vrier. Des chiffres inqui\u00e9tants qui t\u00e9moignent du climat dins\u00e9curit\u00e9 qui r\u00e8gne sur la capitale britannique. Une amiti\u00e9 na\u00eet entre eux et le groupe Rewind est cr\u00e9\u00e9 avec un objectif : faire des reprises pop rock. Cest pr\u00e9cis\u00e9ment la chanson qui nous a amen\u00e9 \u00e0 nous rencontrer sur la recommandation de deux chefs de choeur qu\u00e9b\u00e9cois, Fran\u00e7ois Provencher et Gilles Breton, pr\u00e9curseurs de ce r\u00e9pertoire auquel Chanson Contemporaine consacre son projet : la chanson polyphonique. LOrchestre symphonique de Montr\u00e9al OSM, celui de lEstuaire \u00e0 Rimouski, celui de Kamloops en Colombie-Britannique, des concerts avec le mldr; 2020 Bayard Presse Tous droits r\u00e9serv\u00e9s-la-croix.com est un site de la Croix Network Rectificatif : Une version pr\u00e9c\u00e9dente de ce texte disait que le gagnant de Polyfonik participerait au spectacle ChantOuest. Ce spectacle est annul\u00e9 cette ann\u00e9e en raison de la pand\u00e9mie de COVID-19.<\/p>\n","protected":false},"excerpt":{"rendered":"<p>rencontre chanson francophone<\/p>\n","protected":false},"author":1,"featured_media":0,"comment_status":"closed","ping_status":"closed","sticky":false,"template":"","format":"standard","meta":[],"categories":[1],"tags":[],"_links":{"self":[{"href":"http:\/\/moenskis.com\/site\/wp-json\/wp\/v2\/posts\/7127"}],"collection":[{"href":"http:\/\/moenskis.com\/site\/wp-json\/wp\/v2\/posts"}],"about":[{"href":"http:\/\/moenskis.com\/site\/wp-json\/wp\/v2\/types\/post"}],"author":[{"embeddable":true,"href":"http:\/\/moenskis.com\/site\/wp-json\/wp\/v2\/users\/1"}],"replies":[{"embeddable":true,"href":"http:\/\/moenskis.com\/site\/wp-json\/wp\/v2\/comments?post=7127"}],"version-history":[{"count":1,"href":"http:\/\/moenskis.com\/site\/wp-json\/wp\/v2\/posts\/7127\/revisions"}],"predecessor-version":[{"id":7128,"href":"http:\/\/moenskis.com\/site\/wp-json\/wp\/v2\/posts\/7127\/revisions\/7128"}],"wp:attachment":[{"href":"http:\/\/moenskis.com\/site\/wp-json\/wp\/v2\/media?parent=7127"}],"wp:term":[{"taxonomy":"category","embeddable":true,"href":"http:\/\/moenskis.com\/site\/wp-json\/wp\/v2\/categories?post=7127"},{"taxonomy":"post_tag","embeddable":true,"href":"http:\/\/moenskis.com\/site\/wp-json\/wp\/v2\/tags?post=7127"}],"curies":[{"name":"wp","href":"https:\/\/api.w.org\/{rel}","templated":true}]}}