{"id":6897,"date":"2020-07-01T14:40:44","date_gmt":"2020-07-01T14:40:44","guid":{"rendered":"http:\/\/moenskis.com\/site\/?p=6897"},"modified":"2020-06-24T15:17:47","modified_gmt":"2020-06-24T15:17:47","slug":"rencontres-de-ibn-rochd","status":"publish","type":"post","link":"http:\/\/moenskis.com\/site\/2020\/07\/01\/rencontres-de-ibn-rochd\/","title":{"rendered":"Rencontres De Ibn Rochd"},"content":{"rendered":"<p>-Le Rationnel et lirrationnel : rencontres internationales de Carthage, 2\u00e8me session, du 10 au 15 novembre 1997 Abdelwahab Bouhdiba, Edgar Morin, Ali Chenoufi, Anis Al-Qariqh,.. Et al.-Carthage : Acad\u00e9mie tunisienne Beit al-Hikma, 2000-179-47 p. : couv Ill. En coul. ; 25 cm <img decoding=\"async\" src=\"http:\/\/kapitalis.com\/tunisie\/wp-content\/uploads\/2017\/11\/Le%C3%AFla-Toubel-Vendredis-de-Dar-Sebastian-Hourya.jpg\" alt=\"rencontres de ibn rochd\" align=\"center\"> Salman Rushdie publie aussi un roman en, Deux Ans, Huit Mois et Vingt-huit Nuits, dans lequel Averro\u00e8s est un personnage fantastique. Je pr\u00e9f\u00e8re un incroyant ouvert \u00e0 un croyant ferm\u00e9 <img decoding=\"async\" src=\"http:\/\/satfsen.tk\/wp-content\/uploads\/2018\/01\/IMG_0506.jpg\" alt=\"rencontres de ibn rochd\" align=\"center\"> Jan 28, 2020 Commentaires ferm\u00e9s sur XXI\u00e8me Congr\u00e8s annuel Dr Haj Driss Benjelloun 10, 11 12 Janvier 2020 H\u00f4tel Sheraton Casablanca  Le Club est lespace de libre expression des abonn\u00e9s de Mediapart. Ses contenus nengagent pas la r\u00e9daction. Ce livre raconte lenfance du Cheikh AbdelKader Jillali, le saint le plus c\u00e9l\u00e8bre du monde musulman. Il \u00e9tait consid\u00e9r\u00e9 comme le Patron de Bagdad \u00e0 une \u00e9poque ou cette ville \u00e9tait le centre dune grande civilisation et la capitale dun empire qui s\u00e9tale de lInde \u00e0 lAndalousie. Les mots et les id\u00e9es peuvent-ils changer le monde? Non, jeune homme, Ibn Rochd nous a \u00e9t\u00e9 spoli\u00e9 par Averro\u00e8s, d\u00e9port\u00e9 en Occident. Alors, dor\u00e9navant, vous ne lappellerez que par son vrai nom, Ibn Rochd. Oubliez Averro\u00e8s. Lislam, depuis son origine est en concurrence avec les autres formes du monoth\u00e9isme jud\u00e9o-chr\u00e9tien, dune certaine fa\u00e7on il est m\u00eame n\u00e9 ainsi. Luttes id\u00e9ologiques, politiques, militaires Lire la suite  <img decoding=\"async\" src=\"http:\/\/www.hairmeeytwardrobe.gq\/2734-home_default\/papier-peint-deco-cuisine-donut-milk.jpg\" alt=\"rencontres de ibn rochd\" align=\"center\"> quAverro\u00e8s trouva des successeurs, des critiques ou des a dmirateurs. Outre une exposition de livres, cette \u00e9dition pr\u00e9voit la remise du Prix Averro\u00e8s de la philosophie m\u00e9diterran\u00e9enne, ainsi que dautres activit\u00e9s culturelles d\u00e9di\u00e9es aux jeunes. 7_30 novembre vernissage le jeudi 6 novembre \u00e0 18 h Dans son, Averro\u00e8s allie aux doctrines d celles de l sur l, et il enseigne quil existe une universelle \u00e0 laquelle tous les hommes participent, que cette intelligence est immortelle, et que les \u00e2mes particuli\u00e8res sont p\u00e9rissables. Fait dAverro\u00e8s lun des premiers philosophes du \u00e7a pense : le sujet nest pas ma\u00eetre de sa propre pens\u00e9e, il y a quelque chose dautre qui le fait penser. Cest l intellect unique et s\u00e9par\u00e9, commun \u00e0 tous les hommes qui pense en moi quand je pense. Alain de Libera ajoute que, pour Averro\u00e8s, ce nest pas lhomme qui pense, mais lintellect, ou ce nest pas moi qui pense, mais lagr\u00e9gat constitu\u00e9 par mon corps objet de lintellect et lintellect s\u00e9par\u00e9 sujet agent de la pens\u00e9e. Le \u00e7a d\u00e9signe cet intellect s\u00e9par\u00e9 qui est Dieu, et qui actualise dans mon esprit les formes intelligibles lorsque mon corps per\u00e7oit des objets. Gilson au contraire, et apr\u00e8s lui et Marc Geoffroy, cr\u00e9ditent Averro\u00e8s dune critique rigoureuse de l d, ce qui le situe en bonne place dans lhistoire de la., sp\u00e9cialiste allemand de la philosophie arabe, retrace \u00e9galement le cha\u00eenon arabe Avicenne et Averro\u00e8s entre la philosophie grecque et la philosophie allemande moderne, par qui a \u00e9t\u00e9 influenc\u00e9 par les deux falasifa. Abu-l-Walid Mohamed ibn Ahmed ibn Rushd est n\u00e9 \u00e0 Cordoue en 1126 en lan 520 de lH\u00e9gire. Son grand-p\u00e8re, Abu-l- Walid Mohamed avait d\u00e9j\u00e0 \u00e9t\u00e9 de toute lAndalousie; il mourut peu de mois avant la naissance de son petit-fils. Lactuelle Biblioth\u00e8que Nationale conserve un \u00e9pais recueil de ses consultations juridiques. Le propre p\u00e8re dibn Rushd exer\u00e7a des fonctions similaires, ce qui explique probablement que le jeune homme commen\u00e7a par faire des \u00e9tudes de fiqh, cest-\u00e0-dire de droit musulman. Par la suite, il sint\u00e9ressera aussi \u00e0 la philosophie et \u00e0 la m\u00e9decine. Colette Sirat et Marc Geoffroy, Loriginal arabe du grand commentaire dAverro\u00e8s au De Anima dAristote, Paris, Vrin, coll. Sic et non, 2005, 136 p.,., Quindecim problemata Sur quinze probl\u00e8mes contre les averro\u00efstes, vers 1269. \u00c9dition in, Siger de Brabant et laverro\u00efsme latin au XVIII s, 1911. Permanente de lhumanit\u00e9. Cette immuable pens\u00e9e ne conna\u00eet La baraka au service de lentreprise R\u00e9cit 2000 Rendez-vous le mardi 29 novembre au Carrefour des Livres \u00e0 19h.<\/p>\n","protected":false},"excerpt":{"rendered":"<p>rencontres de ibn rochd<\/p>\n","protected":false},"author":1,"featured_media":0,"comment_status":"closed","ping_status":"closed","sticky":false,"template":"","format":"standard","meta":[],"categories":[1],"tags":[],"_links":{"self":[{"href":"http:\/\/moenskis.com\/site\/wp-json\/wp\/v2\/posts\/6897"}],"collection":[{"href":"http:\/\/moenskis.com\/site\/wp-json\/wp\/v2\/posts"}],"about":[{"href":"http:\/\/moenskis.com\/site\/wp-json\/wp\/v2\/types\/post"}],"author":[{"embeddable":true,"href":"http:\/\/moenskis.com\/site\/wp-json\/wp\/v2\/users\/1"}],"replies":[{"embeddable":true,"href":"http:\/\/moenskis.com\/site\/wp-json\/wp\/v2\/comments?post=6897"}],"version-history":[{"count":1,"href":"http:\/\/moenskis.com\/site\/wp-json\/wp\/v2\/posts\/6897\/revisions"}],"predecessor-version":[{"id":6898,"href":"http:\/\/moenskis.com\/site\/wp-json\/wp\/v2\/posts\/6897\/revisions\/6898"}],"wp:attachment":[{"href":"http:\/\/moenskis.com\/site\/wp-json\/wp\/v2\/media?parent=6897"}],"wp:term":[{"taxonomy":"category","embeddable":true,"href":"http:\/\/moenskis.com\/site\/wp-json\/wp\/v2\/categories?post=6897"},{"taxonomy":"post_tag","embeddable":true,"href":"http:\/\/moenskis.com\/site\/wp-json\/wp\/v2\/tags?post=6897"}],"curies":[{"name":"wp","href":"https:\/\/api.w.org\/{rel}","templated":true}]}}