{"id":6577,"date":"2020-06-30T05:41:34","date_gmt":"2020-06-30T05:41:34","guid":{"rendered":"http:\/\/moenskis.com\/site\/?p=6577"},"modified":"2020-06-24T10:23:37","modified_gmt":"2020-06-24T10:23:37","slug":"projet-rencontre-auteur","status":"publish","type":"post","link":"http:\/\/moenskis.com\/site\/2020\/06\/30\/projet-rencontre-auteur\/","title":{"rendered":"Projet Rencontre Auteur"},"content":{"rendered":"<p>Comment te dire??? Cest g\u00e9nial!!! Jen r\u00eavais. BDG la fait! Donne moi aussi des conseils pour r\u00e9ussir \u00e0 faire autant de choses que toi! Je suis jjjjjjjjjjjjjaaaaaaaaaalouse! La premi\u00e8re usine de masques dIle-de-France inaugur\u00e9e au Blanc-Mesnil Ils ont rappel\u00e9 au ministre que cette directive d\u00e9fend les int\u00e9r\u00eats de lensemble des citoyens europ\u00e9ens pour lesquels lacc\u00e8s aux \u0153uvres et \u00e0 une presse libre sont gages de la diversit\u00e9 culturelle et dune d\u00e9mocratie renforc\u00e9e. Pierre Ciot, Photographe, Vice-Pr\u00e9sident de la SAIF Ces deux mentions et toute autre indication de restriction dexploitation simposent aux utilisateurs des \u0153uvres qui ont lobligation de les respecter ; en cas de non-respect, la SAIF se r\u00e9serve la facult\u00e9 dappliquer des majorations cf.-Une courte vid\u00e9o-r\u00e8gle de quelques minutes, pr\u00e9sentant linstallation ainsi que lexplication succincte des r\u00e8gles du jeu. Depuis que les bals sont ferm\u00e9s paroles : Rachel Thoreau musique : Vincent Scotto Pour la petite histoire, lauteur Max DUCOS est n\u00e9 \u00e0 Bordeaux o\u00f9 il vit toujours. En 2006, tout frais \u00e9moulu des Arts d\u00e9coratifs de Paris mention illustration, il publie son 1er album jeunesse, Jeu de piste \u00e0 Volubilis. Le succ\u00e8s international d\u00e9passe ses esp\u00e9rances et lencourage \u00e0 poursuivre dans cette voie. Il encha\u00eene avec 6 autres albums tout aussi r\u00e9ussis et appr\u00e9ci\u00e9s. Il expose r\u00e9guli\u00e8rement ses peintures, notamment \u00e0 Paris et \u00e0 Arcachon B. M. : Oui, je vais vous pr\u00e9senter Prendre donner, de Lucie F\u00e9lix, un livre que jaime particuli\u00e8rement parce quil est beaucoup dans la manipulation. Jai beaucoup souffert sur la fabrication de cet ouvrage, on ne dirait pas comme \u00e7a, il semble moins compliqu\u00e9 que les autres mais \u00e7a a \u00e9t\u00e9 un enfer de fabrication ce livre. On peut m\u00eame oublier la port\u00e9e quil pourrait avoir tellement on souffre sur la fabrication. Mais je pense que cest un tr\u00e8s grand livre pour enfants https:www.editionsmilan.comwp-contentthemesbayardeditionsimagesballoon-back-to-top Voici la liste tant attendue des auteursillustrateurs que vous pourrez rencontrer lors de notre festival pour cette \u00e9dition 2019. G\u00e9raldine ALIBEU Gilles BACHELET Antonio CARMONA Carole CHAIX Vincent CUVELLIER Anne-Catherine DE BOEL Martin DESBAT Claudine DESMARTEAU Corinne DREYFUSS Rapha\u00eble FRIER Aur\u00e9lia FRONTY Charlotte GASTAUT Aur\u00e9lie GERLACH Florence HINCKEL Nicolas JOLIVOT Christophe L\u00c9ON Jean-Baptiste de PANAFIEU 16 Sur les relations entre les didactiques et les autres disciplines, voir, par exemple, Reuter dir. Jusquici, Fr\u00e9d\u00e9ric Couderc \u00e9crivait des romans aux accents historiques destin\u00e9s aux adultes. Lorsquest n\u00e9e lid\u00e9e d\u00e9crire son premier roman pour la jeunesse, il a pens\u00e9 aux trois villes fortes de ses romans pr\u00e9c\u00e9dents : Buenos Aires, La Havane, et le Cap, et cest finalement la ville dAjaccio, sur l\u00eele de Beaut\u00e9 quil visite r\u00e9guli\u00e8rement depuis 30 ans, quil a choisie comme d\u00e9cor de son nouveau roman. Aux origines du roman <img decoding=\"async\" src=\"http:\/\/s1.studylibfr.com\/store\/data\/001704101_1-8b9183e5da0eb43eee898942e2ef97de.png\" alt=\"projet rencontre auteur\" align=\"left\">  <img decoding=\"async\" src=\"http:\/\/www.lesarchivesdormantes.fr\/wp-content\/uploads\/2017\/06\/Rencontre_dedicace_web.jpg\" alt=\"projet rencontre auteur\" align=\"right\"> <img decoding=\"async\" src=\"http:\/\/tandemproject.org\/wp-content\/uploads\/2017\/02\/P1010475-1024x768.jpg\" alt=\"projet rencontre auteur\" align=\"right\">  Je suis illustratrice,et je viens de finaliser mon premier livre. Je te remercie pour les informations, cela va beaucoup maider je pense dans le recherche d\u00e9diteur. Pour ma part je vais proposer lhistoire et les illustrations. Beaucoup de peur, mais je reste dans lid\u00e9e que doser est d\u00e9j\u00e0 une grande chose :-Lenseignement moral et civique vise aussi une appropriation libre et \u00e9clair\u00e9e par les \u00e9l\u00e8ves des valeurs qui fondent la R\u00e9publique et la d\u00e9mocratie : le socle des valeurs communes comprend la dignit\u00e9, la libert\u00e9, l\u00e9galit\u00e9-notamment entre les filles et les gar\u00e7ons, la solidarit\u00e9, la la\u00efcit\u00e9, lesprit de justice, le respect et labsence de toute forme de discrimination, cest-\u00e0-dire les valeurs constitutionnelles de la R\u00e9publique fran\u00e7aise, inscrites dans la D\u00e9claration des droits de lhomme et du citoyen de 1789 et dans le pr\u00e9ambule de la Constitution de 1946. La Maison de Balzac rend hommage \u00e0 Eduardo Arroyo, le peintre espagnol le plus connu du XX\u00e8me si\u00e8cle, d\u00e9c\u00e9d\u00e9 en 2018. Yves Gagneux, directeur du site et commissaire de l\u00e9v\u00e9nement, nous invite \u00e0 la visite vid\u00e9o de lexposition La Com\u00e9die humaine, Balzac, par Eduardo Arroyo, une exposition autant litt\u00e9raire que picturale, con\u00e7ue comme une promenade dans les souvenirs de lartiste, de la m\u00eame mani\u00e8re quil a con\u00e7u ses \u0153uvres, \u00e0 partir de ses rencontres. \u00c9duardo Arroyo est le seul artiste \u00e0 s\u00eatre int\u00e9ress\u00e9 \u00e0 la fois, \u00e0 la figure de Balzac, aux personnages tir\u00e9s de ses romans, mais aussi aux endroits o\u00f9 l\u00e9crivain a v\u00e9cu. Litt\u00e9rature et peinture se croisent. Apr\u00e8s la Bundesliga, la Liga a red\u00e9marr\u00e9 jeudi soir, avec la victoire de S\u00e9ville face au voisin du B\u00e9tis 2-0, 28eme journ\u00e9e. Claire D\u00e9 : Il y a \u00e7a et puis quand on est auteur en France et quon va un petit peu \u00e0 l\u00e9tranger, on se rend compte de la chance quon a : il y a un gros travail qui a \u00e9t\u00e9 fait autour de la lecture publique depuis des d\u00e9cennies. Avoir autant de m\u00e9diath\u00e8ques, partout, m\u00eame dans des petits villages de campagne, o\u00f9 on a fait le pari de la lecture publique, dans des petites structures avec des professionnels on a une chance incroyable. En Europe, m\u00eame dans des pays tr\u00e8s proches, \u00e7a nexiste pas du tout. Ann\u00e9e 1912. Luce Notte, \u00e9tudiante berlinoise du d\u00e9but du si\u00e8cle, est jeune fille au pair \u00e0 Prague chez les Kafka. Le jeune Franz, entich\u00e9 de litt\u00e9rature, sennuie dans une compagnie dassurances. L\u00e9crivain tourment\u00e9 na rien publi\u00e9. La narratrice devient sa confidente : Franz ma souvent confi\u00e9 sa peur de n\u00eatre rien dautre quun fant\u00f4me, et ses \u00e9crits des mirages. Non seulement il peine \u00e0 \u00e9crire, mais il d\u00e9sesp\u00e8re : Je ninvente rien, cest affligeant. Je nai aucune imagination. Que voulez-vous, Luce, jai la fantaisie dune pierre, se lamente Kafka 1883-1924, qui voue au feu tous ses \u00e9crits. La France d\u00e9faite et occup\u00e9e. R\u00e9gime de Vichy, collaboration, R\u00e9sistance  La Saif ne pourra \u00eatre tenue responsable en cas de poursuites judiciaires \u00e0 votre encontre : Sexprimer devant les autres par une prestation artistique etou acrobatique clarifier les attentes des uns et des autres, car comme le pr\u00e9cise Evelyne Herenguel, entre les demandes des collectivit\u00e9s publiques qui souhaitent favoriser la cr\u00e9ation contemporaine, faire de l\u00e9ducation artistique et culturelle ou encore valoriser la m\u00e9moire collective des territoires, et les attentes des auteurs, de nombreuses questions se posent!<\/p>\n","protected":false},"excerpt":{"rendered":"<p>projet rencontre auteur<\/p>\n","protected":false},"author":1,"featured_media":0,"comment_status":"closed","ping_status":"closed","sticky":false,"template":"","format":"standard","meta":[],"categories":[1],"tags":[],"_links":{"self":[{"href":"http:\/\/moenskis.com\/site\/wp-json\/wp\/v2\/posts\/6577"}],"collection":[{"href":"http:\/\/moenskis.com\/site\/wp-json\/wp\/v2\/posts"}],"about":[{"href":"http:\/\/moenskis.com\/site\/wp-json\/wp\/v2\/types\/post"}],"author":[{"embeddable":true,"href":"http:\/\/moenskis.com\/site\/wp-json\/wp\/v2\/users\/1"}],"replies":[{"embeddable":true,"href":"http:\/\/moenskis.com\/site\/wp-json\/wp\/v2\/comments?post=6577"}],"version-history":[{"count":1,"href":"http:\/\/moenskis.com\/site\/wp-json\/wp\/v2\/posts\/6577\/revisions"}],"predecessor-version":[{"id":6578,"href":"http:\/\/moenskis.com\/site\/wp-json\/wp\/v2\/posts\/6577\/revisions\/6578"}],"wp:attachment":[{"href":"http:\/\/moenskis.com\/site\/wp-json\/wp\/v2\/media?parent=6577"}],"wp:term":[{"taxonomy":"category","embeddable":true,"href":"http:\/\/moenskis.com\/site\/wp-json\/wp\/v2\/categories?post=6577"},{"taxonomy":"post_tag","embeddable":true,"href":"http:\/\/moenskis.com\/site\/wp-json\/wp\/v2\/tags?post=6577"}],"curies":[{"name":"wp","href":"https:\/\/api.w.org\/{rel}","templated":true}]}}