{"id":6113,"date":"2020-06-30T19:49:53","date_gmt":"2020-06-30T19:49:53","guid":{"rendered":"http:\/\/moenskis.com\/site\/?p=6113"},"modified":"2020-06-24T02:46:35","modified_gmt":"2020-06-24T02:46:35","slug":"rencontre-avec-les-gens-du-voyage","status":"publish","type":"post","link":"http:\/\/moenskis.com\/site\/2020\/06\/30\/rencontre-avec-les-gens-du-voyage\/","title":{"rendered":"Rencontre Avec Les Gens Du Voyage"},"content":{"rendered":"<p>Du coup, selon les endroits, il ne suffit pas dattendre sur un banc, dans les espaces communs dune guesthouse ou dune auberge de jeunesse pour rencontrer des locaux ou m\u00eame dautres voyageurs. Sujet br\u00fblant dactualit\u00e9, sur lequel veulent travailler deux coll\u00e8gues en Quand la gr\u00e8ve a \u00e9t\u00e9 arr\u00eat\u00e9e, la Sonacotra avait satisfait un certain nombre dexigences des comit\u00e9s de r\u00e9sidents, en particulier la reconnaissance de comit\u00e9s de r\u00e9sidents \u00e9lus et lassouplissement de certaines r\u00e8gles. En revanche, les r\u00e9sidents nobtiendront pas le statut de locataire, qui constituait un des enjeux essentiels de la lutte, pas plus que la reconnaissance du Comit\u00e9 de coordination. Les nomades vivant dans les communes. Lobligation portait sur la Autrement dit, est-ce que vous allez \u00eatre int\u00e9ressant ou non? Quand on lui raconte avoir vu son nom ressurgir soudainement, au d\u00e9tour darticles ou de tweets, lint\u00e9ress\u00e9 rigole : Ah bon, vraiment? Cest marrant que \u00e7a ressorte Cest toujours bon de se rem\u00e9morer ces moments. C\u00e9tait une bonne \u00e9poque. Aucune m\u00e9lancolie ne trahit sa voix rocailleuse : Le rugby ne me manque pas plus que \u00e7a. Je suis content de ce que jai v\u00e9cu. Jai eu mon temps, jen ai bien profit\u00e9. Il y a quelques petites choses que je regrette de ne plus avoir. Lentra\u00eenement, notamment. Ce qui est bizarre car je naimais pas tellement \u00e7a \u00e0 l\u00e9poque. Mais il y avait cette routine : le fait de se lever le matin, de pr\u00e9parer son sac et de rejoindre les copains. Je suis un retrait\u00e9 heureux, en tout cas. Je profite pleinement de ma famille. <img decoding=\"async\" src=\"http:\/\/www.claudecapillon.fr\/images\/upload\/images\/Nouveau%20concessionaire%20cerisiers%2004%2001%2012.jpg\" alt=\"rencontre avec les gens du voyage\" align=\"right\">  ao\u00fbt 2008 : Pierre Mirabaud pr\u00e9sident du Conseil dAdministration Les gens du voyage ont rencontr\u00e9 le maire de Pornichet <img decoding=\"async\" src=\"http:\/\/associationdesnaufragesdelavie.fr\/wp-content\/uploads\/2017\/06\/cariole-gens-du-voyage.jpg\" alt=\"rencontre avec les gens du voyage\" align=\"right\">  Vous rencontrerez des personnes et des lieux, des fa\u00e7ons de faire, de travailler, de sengager, de cr\u00e9er et de raisonner aujourdhui. Un rem\u00e8de \u00e0 la tentation d\u00eatre convaincue de ce que lon pense de la culture, peut-\u00eatre au risque n\u00e9cessaire? du court-jus! Ces Rendez-vous sont accueillis par des structures partenaires de Culture pour tous, dans le Rh\u00f4ne et lAin. Ils sont destin\u00e9s aux professionnels et aux b\u00e9n\u00e9voles des institutions partenaires actuelles ou futures structures culturelles, associations et services de collectivit\u00e9s du social, de linsertion, du handicap et du soin. Ils sont con\u00e7us pour \u00e9clairer les participants sur la nature des activit\u00e9s des structures h\u00f4tes, pour favoriser la compr\u00e9hension mutuelle, le d\u00e9bat et le d\u00e9veloppement de collaborations \u00e9ventuelles. Mais je pense que le plus important dans tout \u00e7a, cest davoir le sourire. Il faut quon voie \u00e0 votre t\u00eate que vous \u00eates une personne avenante et les gens vont avoir envie de vous parler. 5Notre propos sinscrit dans ce champ danalyse : nous ne voulons pas cr\u00e9er une cat\u00e9gorie de pens\u00e9e-les Rroms-qui nierait les dimensions multiples de lidentit\u00e9. Mais il ne nous semble pas non plus que lanalyse des processus didentification opposent ceux qui d\u00e9finissent et ceux qui sont d\u00e9finis. Lidentit\u00e9 se construit dans des relations de pouvoir qui ne sont en aucun cas univoques. La question qui se pose est alors la suivante : comment conserver la richesse des exp\u00e9riences de vie sans pour autant nier les sentiments dappartenance \u00e0 un groupe commun? Il sagit dinterroger les repr\u00e9sentations de cette identit\u00e9 rrom, et de voir quelle importance elles ont pour les acteurs, en les repla\u00e7ant dans les discours qui les produisent, puisque la cat\u00e9gorisation est une activit\u00e9 exerc\u00e9e par de nombreuses instances, dont les pouvoirs dassignation sont variables, et qui se traduit par une mise en forme plus ou moins contraignante et aboutie des identit\u00e9s collectives Martiniello, Simon, 2005, p 8. Malgr\u00e9 le poids des identifications externes qui figent les identit\u00e9s, les processus de diff\u00e9renciation et daffiliation internes s\u00e9mancipent de ces cat\u00e9gories artificielles, en prenant appui sur celles-ci. Cest en ce sens quon parlera de processus de subjectivation : la logique de subjectivation nest jamais la simple affirmation dune identit\u00e9 elle est toujours en m\u00eame temps le d\u00e9ni dune identit\u00e9, impos\u00e9e par un autre, fix\u00e9e par la logique polici\u00e8re. La police veut en effet des noms exacts qui marquent lassignation des gens \u00e0 leur place.. La subjectivation comporte toujours une identification impossible Ranci\u00e8re, 1998, p 121. La logique de subjectivation repr\u00e9sente alors une recr\u00e9ation perp\u00e9tuelle des processus identitaires en sappuyant sur lusage de r\u00e9f\u00e9rents multiples, en vue dune r\u00e9appropriation des cat\u00e9gories assign\u00e9es. Au contraire, les processus didentification isolent certains \u00e9l\u00e9ments-pertinents pour la gestion des populations-et les \u00e9rigent en caract\u00e9ristiques essentielles de lidentit\u00e9 Rrom. Par exemple la cat\u00e9gorie administrative Gens du Voyage sappuie sur la seule mobilit\u00e9, oubliant la complexit\u00e9 et la variabilit\u00e9 de cette pratique. Le voyage, ce nest pas seulement o\u00f9 tu vas mais avec qui tu es. Linteraction avec les gens, que ce soient des locaux ou des voyageurs, est tout aussi importante si ce nest plus que les endroits que lon visite. Rencontrer et conna\u00eetre des gens de partout dans le monde est pour moi la vraie richesse du voyage! On partage nos exp\u00e9riences de voyage, des activit\u00e9s, des soir\u00e9es, on d\u00e9veloppe des amiti\u00e9s, on pr\u00e9voit de se revoir dans un autre pays et parfois, m\u00eame pas besoin de planifier, on se retrouve naturellement! 1 Le rapport Delevoye a \u00e9t\u00e9 command\u00e9 par le gouvernement dans lobjectif de cr\u00e9er la loi de 2000 sur Sur lapplication, celles qui respectent le confinement \u00e9changent plus longuement et \u00e7a ne lui pla\u00eet pas toujours. Apr\u00e8s deux semaines pass\u00e9es chez lui \u00e0 faire les cent pas et \u00e0 regarder des films en streaming, il envoie valser sa promesse de rester confin\u00e9 et propose \u00e0 une femme habitant Issy-les-Moulineaux un rendez-vous au Franprix. Association venant en soutien aux familles Gens du Voyage de lEssonne 91-ADGVE-Association Gens du Voyage de lEssonne  When shes no t running h er business or engaging with learners across the country, Lynda can often be found reading to her grandchildren, or just enjoying a quiet moment. Par exemple, quand j\u00e9tais \u00e0 Corck jai commenc\u00e9 \u00e0 parler avec une allemande que javais dabord rencontr\u00e9e \u00e0 Dublin. Elle ma propos\u00e9 de me joindre \u00e0 elle et deux amis autrichiens pour un road-trip de quatre jours \u00e0 travers lIrlande de lOuest. M\u00eame si je ne les connaissais pas du tout, jai accept\u00e9 de me joindre \u00e0 eux, jai saut\u00e9 dans leur voiture et pass\u00e9 les meilleurs moments de mon s\u00e9jour en Irlande avec eux. Nous avons remont\u00e9 les falaises de Moher, pass\u00e9 de super soir\u00e9e \u00e0 Dingle et m\u00eame pris un auto-stoppeur su\u00e9dois pour une partie du voyage. Ce fut une exp\u00e9rience g\u00e9niale que je naurais jamais trouv\u00e9e dans un guide. 14 Ayez toujours un crayon et un papier sur vous <img decoding=\"async\" src=\"http:\/\/www.lesconcertsadomicile.com\/333-thickbox_default\/les-gens-du-voyage.jpg\" alt=\"rencontre avec les gens du voyage\" align=\"center\"> Tous les commentaires discourtois, injurieux ou diffamatoires seront aussit\u00f4t supprim\u00e9s par le mod\u00e9rateur.<\/p>\n","protected":false},"excerpt":{"rendered":"<p>rencontre avec les gens du voyage<\/p>\n","protected":false},"author":1,"featured_media":0,"comment_status":"closed","ping_status":"closed","sticky":false,"template":"","format":"standard","meta":[],"categories":[1],"tags":[],"_links":{"self":[{"href":"http:\/\/moenskis.com\/site\/wp-json\/wp\/v2\/posts\/6113"}],"collection":[{"href":"http:\/\/moenskis.com\/site\/wp-json\/wp\/v2\/posts"}],"about":[{"href":"http:\/\/moenskis.com\/site\/wp-json\/wp\/v2\/types\/post"}],"author":[{"embeddable":true,"href":"http:\/\/moenskis.com\/site\/wp-json\/wp\/v2\/users\/1"}],"replies":[{"embeddable":true,"href":"http:\/\/moenskis.com\/site\/wp-json\/wp\/v2\/comments?post=6113"}],"version-history":[{"count":1,"href":"http:\/\/moenskis.com\/site\/wp-json\/wp\/v2\/posts\/6113\/revisions"}],"predecessor-version":[{"id":6114,"href":"http:\/\/moenskis.com\/site\/wp-json\/wp\/v2\/posts\/6113\/revisions\/6114"}],"wp:attachment":[{"href":"http:\/\/moenskis.com\/site\/wp-json\/wp\/v2\/media?parent=6113"}],"wp:term":[{"taxonomy":"category","embeddable":true,"href":"http:\/\/moenskis.com\/site\/wp-json\/wp\/v2\/categories?post=6113"},{"taxonomy":"post_tag","embeddable":true,"href":"http:\/\/moenskis.com\/site\/wp-json\/wp\/v2\/tags?post=6113"}],"curies":[{"name":"wp","href":"https:\/\/api.w.org\/{rel}","templated":true}]}}