{"id":5155,"date":"2020-06-28T21:25:43","date_gmt":"2020-06-28T21:25:43","guid":{"rendered":"http:\/\/moenskis.com\/site\/?p=5155"},"modified":"2020-06-23T14:12:20","modified_gmt":"2020-06-23T14:12:20","slug":"rencontre-gad-elmaleh","status":"publish","type":"post","link":"http:\/\/moenskis.com\/site\/2020\/06\/28\/rencontre-gad-elmaleh\/","title":{"rendered":"Rencontre Gad Elmaleh"},"content":{"rendered":"<p>Des clich\u00e9s montraient leurs liens tr\u00e8s fusionnels avaient \u00e9t\u00e9 publi\u00e9s \u00e0 ce moment l\u00e0. Le taulier \u00e9tait sous le choc et ne dig\u00e9rait pas cette liaison. Toutefois, il na jamais r\u00e9ussi \u00e0 trouver de preuves contre son \u00e9pouse, indique le magazine. Il vous est possible \u00e9galement de t\u00e9l\u00e9phoner au producteur de Gad Elmaleh en composant le num\u00e9ro 33 01 40 68 79 79. Contacts de Gad Elmaleh en ligne Pour voir la rencontre entre les deux humoristes Comedians in cars getting coffee-capture d\u00e9cran du site Quand on vous demande en cours dhistoire ce que vous avez retenu de lann\u00e9e 1989, vous avez lembarras du choix. P\u00eale-m\u00eale vous citeriez la r\u00e9volution roumaine et lassassinat du couple Ceausescu, la manifestation de la Place Tiananmen ou la chute du mur de Berlin. Vous feriez tout de m\u00eame bien de ne pas oublier la sortie de Je te survivrai de Jean-Pierre Fran\u00e7ois. R\u00e9sum\u00e9: Aucunes excuses quil pr\u00e9sentera de nouveau. R\u00e9\u00e9couter De quoi rit-on quand on est riche et puissant? \u00e9couter 3 min 3 min Kamel regrette \u00e9galement la l\u00e2chet\u00e9 de Tex, pr\u00e9sent lors de cette rencontre. Le seul vrai t\u00e9moin, cest lui, mais il sen est lav\u00e9 les mains d\u00e8s le premier jour. Je lui ai demand\u00e9 la bande de l\u00e9mission, il ma r\u00e9pondu : Je veux pas rentrer dans ces trucs-l\u00e0, la radio nexiste plus, je veux pas membrouiller avec Gad  <img decoding=\"async\" src=\"http:\/\/nhahangauco.com\/img\/8c3b6ad67abc0cded4e562ef514aaca4.jpg\" alt=\"rencontre gad elmaleh\" align=\"left\"> LE CLAP-Dans Un bonheur narrive jamais seul, lacteur tombe amoureux de Sophie Marceau. <img decoding=\"async\" src=\"http:\/\/www.premiere.fr\/sites\/default\/files\/styles\/scale_crop_1280x720\/public\/2018-04\/Rencontre-avec-Gad-Elmaleh-au-Studio-SFR.jpg\" alt=\"rencontre gad elmaleh\" align=\"center\"> Quand on reprend le travail de quelquun impun\u00e9ment, que ce soit totalement ou en partie, et quon ne le fait pas quune fois mais de mani\u00e8re r\u00e9guli\u00e8re, on ne m\u00e9rite plus aucun respect professionnel.  Un an apr\u00e8s avoir d\u00e9cid\u00e9 de sen passer, le nouveau responsable de la cr\u00e9ation du magazine, Cooper Hefner, 25 ans, fils du Hugh Hefnera annonc\u00e9 : nous renouons avec notre identit\u00e9 et assumons ce que nous sommes. LInfirmi\u00e8re Bande-annonce VO Bandes-annonces \u00e0 ne pas manquer Ce lundi 16 d\u00e9cembre, Karine Le Marchand propose un nouveau num\u00e9ro dUne ambition intime avec Gad Elmaleh, sur M6. Une \u00e9mission qui a n\u00e9cessit\u00e9 beaucoup de pr\u00e9paration afin dobtenir les confidences de lhumoriste, comme Karine Le Marchand le racontait au micro de Philippe Vandel, vendredi dernier. Ma\u00eftena Biraben, Gad Elmaleh et la langue fran\u00e7aise \u00e0 Versailles CD78C.BRINGUIER En octobre 2017, Gad Elmaleh est accus\u00e9 par la cha\u00eene, \u00e0 linstar dautres humoristes fran\u00e7ais comme, ou encore davoir des humoristes am\u00e9ricains dans ses spectacles. Voici la liste des villes du d\u00e9partement o\u00f9 sortir. C-none Comment author 620090 on Avis et audience Une ambition intime M6 de Gad Elmaleh le 16 d\u00e9cembre 2019 by Nouveaut\u00e9s-T\u00e9l\u00e9.com : Le rdv de lactualit\u00e9 TV et M\u00e9dias chaque jour Pourquoi avoir choisi Biarritz comme point de d\u00e9part? Ces cookies sont n\u00e9cessaires au bon fonctionnement du site et ne peuvent pas \u00eatre d\u00e9sactiv\u00e9s ici. Ils nous permettent dacc\u00e9der \u00e0 votre compte, g\u00e9rer les commandes, enregistrer vos pr\u00e9f\u00e9rences langue, etc. Partager ce contenu Created with Sketch. Close Created with Sketch. Partager La cadette des Kardashian, Kylie Jenner, 22 ans, vient de soffrir une troisi\u00e8me villa sur les hauteurs de Los Angeles. Vous ne pourrez pas visiter, mais les photos de Public donnent une id\u00e9e de lendroit : 1.400 m\u00e8tres carr\u00e9s pour 33 millions deuros.. Sept chambres, dix salles de bain, une piscine bien s\u00fbr, et un terrain de tennis. Vous devez \u00eatre connect\u00e9 pour pouvoir d\u00e9poser un commentaire. <img decoding=\"async\" src=\"http:\/\/www.reves.fr\/data\/classes\/reve\/reve_11398_photo2.jpg\" alt=\"rencontre gad elmaleh\" align=\"center\"> Gad Elmaleh: Avec Sophie Marceau jai fait une belle rencontre .<\/p>\n","protected":false},"excerpt":{"rendered":"<p>rencontre gad elmaleh<\/p>\n","protected":false},"author":1,"featured_media":0,"comment_status":"closed","ping_status":"closed","sticky":false,"template":"","format":"standard","meta":[],"categories":[1],"tags":[],"_links":{"self":[{"href":"http:\/\/moenskis.com\/site\/wp-json\/wp\/v2\/posts\/5155"}],"collection":[{"href":"http:\/\/moenskis.com\/site\/wp-json\/wp\/v2\/posts"}],"about":[{"href":"http:\/\/moenskis.com\/site\/wp-json\/wp\/v2\/types\/post"}],"author":[{"embeddable":true,"href":"http:\/\/moenskis.com\/site\/wp-json\/wp\/v2\/users\/1"}],"replies":[{"embeddable":true,"href":"http:\/\/moenskis.com\/site\/wp-json\/wp\/v2\/comments?post=5155"}],"version-history":[{"count":1,"href":"http:\/\/moenskis.com\/site\/wp-json\/wp\/v2\/posts\/5155\/revisions"}],"predecessor-version":[{"id":5156,"href":"http:\/\/moenskis.com\/site\/wp-json\/wp\/v2\/posts\/5155\/revisions\/5156"}],"wp:attachment":[{"href":"http:\/\/moenskis.com\/site\/wp-json\/wp\/v2\/media?parent=5155"}],"wp:term":[{"taxonomy":"category","embeddable":true,"href":"http:\/\/moenskis.com\/site\/wp-json\/wp\/v2\/categories?post=5155"},{"taxonomy":"post_tag","embeddable":true,"href":"http:\/\/moenskis.com\/site\/wp-json\/wp\/v2\/tags?post=5155"}],"curies":[{"name":"wp","href":"https:\/\/api.w.org\/{rel}","templated":true}]}}