{"id":4891,"date":"2020-06-28T17:29:40","date_gmt":"2020-06-28T17:29:40","guid":{"rendered":"http:\/\/moenskis.com\/site\/?p=4891"},"modified":"2020-06-23T10:32:19","modified_gmt":"2020-06-23T10:32:19","slug":"camping-a-la-rencontre-du-soleil-avis","status":"publish","type":"post","link":"http:\/\/moenskis.com\/site\/2020\/06\/28\/camping-a-la-rencontre-du-soleil-avis\/","title":{"rendered":"Camping A La Rencontre Du Soleil Avis"},"content":{"rendered":"<p>Nous avons s\u00e9journ\u00e9 dans le Mobil home le grand sabia avec sa terrasse magnifique qui donne sur loc\u00e9an qui nous appaise des le petit d\u00e9jeuner ou lon peut contempler un jolie coucher de soleil sur le phare de chassiron. Une semaine tr\u00e8s sympathique avec tous les participants de C\u00e9livacances. Mobil-homes, emplacements tentes, caravanes : Tous au camping Abri de Camargue! Des animations sont organis\u00e9es tous les week-end en basse saison d\u00e8s mi avril et sont quotidiennes, la journ\u00e9e et.. Un camping anim\u00e9! Les activit\u00e9s du camping Le Mas du Padre Pr\u00e8s de S\u00e8te Proche de Frontignan   Pour vos enfants aussi rien na \u00e9t\u00e9 oubli\u00e9! 4 clubs sp\u00e9cialement am\u00e9nag\u00e9s leur permettent de rencontrer dautres enfants de leur \u00e2ge et de participer \u00e0 de nombreuses activit\u00e9s encadr\u00e9es par des animateurs dipl\u00f4m\u00e9s et qualifi\u00e9s : d\u00e9couverte des joies du ski, luge, jeux de neige, sorties raquettes, spectacles Clubs-6 ans Message re\u00e7u par Mail: Retour sous une pluie ininterrompue depuis Marennes jusque chez nous! Aujourdhui un p\u00e2le rayon de soleil sest faufil\u00e9 \u00e0 travers les nuages quelques minutes, les temp\u00e9ratures sont toujours aussi faibles mais ici pas de vent.pour linstant. Ne changez surtout rien au concept : jadore danser sur les tables! Exp\u00e9rience du 01062019 Publi\u00e9 le 03062019 Voir plus Bonjour Eric et Sonia Encore merci de votre accueil et la gentillesse nous avons pass\u00e9 un agreable sejour au Sabia: Le mobile home et le super calme au camping du Sabia et la confiance aux locataires.pas dinventaire \u00e0 larriv\u00e9e et au d\u00e9part Nous reviendrons pour 2016. WILLY ET EVELYNEBISOUS \u00e0 Sonia ET Eric. <img decoding=\"async\" src=\"http:\/\/www.lanouvellecroze.com\/camping-perigord\/wp-content\/uploads\/2013\/11\/piscine-camping-campagne-perigord-2-1500x600.jpg\" alt=\"camping a la rencontre du soleil avis\" align=\"center\"> Les Savoyards du Sud, Laurette, Tony, Elohan et Ma\u00eblan Pour information, nous sommes un couple de 28 ans avec un petit gar\u00e7on de 4 ans. Pyr\u00e9n\u00e9es-Orientales, Occitanie du 18 Mai au 21 Septembre Inscrivez-vous \u00e0 la newsletter Dakotabox pour b\u00e9n\u00e9ficier doffres exclusives et faire le plein did\u00e9es cadeaux pour toutes les occasions. Nous avons \u00e9t\u00e9 tr\u00e8s bien accueilli et avons profit\u00e9 dun pot daccueil. Merci pour le concept et ses heureuses cons\u00e9quences : la gentillesse de l\u00e9quipe et la convivialit\u00e9 de tous. Conseils beaut\u00e9 id\u00e9es de d\u00e9coration, toutes vos passions sur Version Femina Vous pouvez nous t\u00e9l\u00e9phon\u00e9 au 06.72.99.76.54. Pour tout renseignement ou \u00e0 loffice du tourisme au 04.92.77.99.09  <img decoding=\"async\" src=\"http:\/\/www.campo-decouverte.com\/resources\/resalys\/photos\/9e\/thumbs\/575_50d324028bac6_fbc0f3467d913de0b4df0fec1497d60f48a25ad2.JPG\" alt=\"camping a la rencontre du soleil avis\" align=\"right\"> Pour des vacances bienveillantes pour tous. 29 mai 2020 Concept de vacances pour C\u00e9libataires attendu et bienvenu, merci \u00e0 celui et \u00e0 celle qui ont os\u00e9 le faire. Des guides sexys, un groupe super, une ambiance du tonnerre, de bons petits plats, super camping un accueille plus que parfait, merci a toutes l\u00e9quipes Mathieu, Laura Ana\u00efs Rapha\u00ebl,.sans oublie, la directions Eric et L\u00e6titia et cest avec grand plaisir que ns reviendrons en 2017 pour la troisi\u00e8me fois Le week-end du 11 novembre est la date incontournable du Forum des Voyages de la Ffaccc. Un rassemblement de camping-caristes unique en son genre: les participants viennent partager leurs exp\u00e9riences de voyage, prendre connaissance des circuits propos\u00e9s par les clubs et par les voyagistes. L\u00e9dition 2019 sest d\u00e9roul\u00e9e \u00e0 Saint-Amand-Montrond, dans le Cher. Exp\u00e9rience du 04082018 Publi\u00e9 le 05082018 Voir plus <img decoding=\"async\" src=\"http:\/\/www.camping-ametza.com\/wp-content\/themes\/ivena-child\/img\/avis-camping-hendaye.png\" alt=\"camping a la rencontre du soleil avis\" align=\"right\">.<\/p>\n","protected":false},"excerpt":{"rendered":"<p>camping a la rencontre du soleil avis<\/p>\n","protected":false},"author":1,"featured_media":0,"comment_status":"closed","ping_status":"closed","sticky":false,"template":"","format":"standard","meta":[],"categories":[1],"tags":[],"_links":{"self":[{"href":"http:\/\/moenskis.com\/site\/wp-json\/wp\/v2\/posts\/4891"}],"collection":[{"href":"http:\/\/moenskis.com\/site\/wp-json\/wp\/v2\/posts"}],"about":[{"href":"http:\/\/moenskis.com\/site\/wp-json\/wp\/v2\/types\/post"}],"author":[{"embeddable":true,"href":"http:\/\/moenskis.com\/site\/wp-json\/wp\/v2\/users\/1"}],"replies":[{"embeddable":true,"href":"http:\/\/moenskis.com\/site\/wp-json\/wp\/v2\/comments?post=4891"}],"version-history":[{"count":1,"href":"http:\/\/moenskis.com\/site\/wp-json\/wp\/v2\/posts\/4891\/revisions"}],"predecessor-version":[{"id":4892,"href":"http:\/\/moenskis.com\/site\/wp-json\/wp\/v2\/posts\/4891\/revisions\/4892"}],"wp:attachment":[{"href":"http:\/\/moenskis.com\/site\/wp-json\/wp\/v2\/media?parent=4891"}],"wp:term":[{"taxonomy":"category","embeddable":true,"href":"http:\/\/moenskis.com\/site\/wp-json\/wp\/v2\/categories?post=4891"},{"taxonomy":"post_tag","embeddable":true,"href":"http:\/\/moenskis.com\/site\/wp-json\/wp\/v2\/tags?post=4891"}],"curies":[{"name":"wp","href":"https:\/\/api.w.org\/{rel}","templated":true}]}}