{"id":3433,"date":"2020-06-25T07:28:22","date_gmt":"2020-06-25T07:28:22","guid":{"rendered":"http:\/\/moenskis.com\/site\/?p=3433"},"modified":"2020-06-22T12:57:21","modified_gmt":"2020-06-22T12:57:21","slug":"rencontres-villes-jumelees","status":"publish","type":"post","link":"http:\/\/moenskis.com\/site\/2020\/06\/25\/rencontres-villes-jumelees\/","title":{"rendered":"Rencontres Villes Jumel\u00e9es"},"content":{"rendered":"<p>A la fin de la r\u00e9union, le Pr\u00e9sident a souhait\u00e9 \u00e0 tous les adh\u00e9rents de passer de bonnes vacances. <img decoding=\"async\" src=\"http:\/\/www.jumelage-pessac.org\/villes_jumelles\/images_villes\/sud_ouest_260511_petit.jpg\" alt=\"rencontres villes jumel\u00e9es\" align=\"center\"> D\u00e9but dann\u00e9e de bonne augure avec des festivit\u00e9s pr\u00e9vues par les 2 mairies. Et enfin, la pr\u00e9sentation du programme de lann\u00e9e 2018 par Jean-Marc Cosson : il y aura beaucoup doccasions d\u00e9changes : nous recevons un orchestre allemand pour un concert en Mai 2018 et les amis du comit\u00e9 de jumelage allemand de Schwieberdingen pour un week-end \u00e0 Troyes en Septembre 2018. Nous pensons que nos amis allemands partagent notre enthousiasme pour ce magnifique week-end et nous nous sommes donn\u00e9 rendez-vous pour la prochaine occasion, en Allemagne. Nouvel \u00e9change lyc\u00e9en avec Belvidere Septembre-octobre : Rencontre de photographes \u00e0 Gentilly Lors de cette assembl\u00e9e, furent rappel\u00e9es les diff\u00e9rentes manifestations qui s\u00e9taient d\u00e9roul\u00e9es en 2015 et plus particuli\u00e8rement, le moment fort de cette ann\u00e9e pass\u00e9e, la c\u00e9l\u00e9bration du 25\u00e8me anniversaire du jumelage avec la ville allemande de Schwieberdingen. Au mois de Mai, nous \u00e9tions accueillis par nos amis allemands et en septembre, nous les recevions \u00e0 Vaux le P\u00e9nil. Cette manifestation, plac\u00e9e sous le symbole de la Paix entre les Peuples, fut loccasion de proc\u00e9der \u00e0 linauguration de la Place Nelson Mandela en pr\u00e9sence \u00e9galement de nos amis am\u00e9ricains, repr\u00e9sentants de notre ville jumel\u00e9e am\u00e9ricaine de Belvidere. Ainsi en apart\u00e9, le maire de Nussloch ne parlant pas fran\u00e7ais, ni celui dAndernos lallemand, ils ont donc convers\u00e9 en Italien, avec de temps en temps un zeste danglais. Chiaramonte-Gulfi, ville sicilienne situ\u00e9e non loin de Syracuse et de lEtna. Situation : R\u00e9gion de la Catalogne, province de Tarragone, 100 km au sud de Barcelone. 12 h : Buffet sous chapiteau, compos\u00e9 de produits locaux, pour les participants aux visites et leurs familles daccueil. <img decoding=\"async\" src=\"http:\/\/www.encuentromiloznguero.cf\/jetdencre_images\/produits\/2191couvjde.jpg\" alt=\"rencontres villes jumel\u00e9es\" align=\"right\"> Pour certains auteurs le nom Coronado a pour origine Corona, nom dun soldat romain qui y a \u00e9t\u00e9 enterr\u00e9. La tradition orale fait effectivement r\u00e9f\u00e9rence \u00e0 lexistence dun cimeti\u00e8re romain flanqu\u00e9 dune rivi\u00e8re, la rivi\u00e8re Mam\u00f4a. Ce peut \u00eatre aussi la cons\u00e9cration dun certain typicisme g\u00e9ographique village en forme de couronne-coronna. Bayreuth est situ\u00e9e dans une r\u00e9gion bois\u00e9e du nord de la Bavi\u00e8re, la Franconie. Elle est la capitale de la Haute-Franconie, un des sept districts qui forment la Bavi\u00e8re. Avec un peu plus de 72 600 habitants, elle est devenue une importante ville universitaire et un centre \u00e9conomique de pointe en mati\u00e8re de haute technologie. Les d eu x villes o n t d\u00e9j\u00e0 \u00e9 t \u00e9 jumel\u00e9es a u XI\u00e8me si\u00e8cle, quand elles appartenaient..   Orl\u00e9ans et Dundee en 1946, Montb\u00e9liard et Ludwgsburg en 1950 furent parmi les premi\u00e8res villes europ\u00e9ennes \u00e0 signer un Serment de Jumelage. Cette id\u00e9e a depuis largement fait son chemin. Pr\u00e8s de 15 000 collectivit\u00e9s locales sont aujourdhui actives dans le mouvement des jumelages en Europe. Commune alsacienne situ\u00e9e dans le Haut-Rhin, Saint-Amarin flanqu\u00e9e au c\u0153ur de la vall\u00e9e de la Thur a pour toile de fond le massif du Thanner Hubel. Au XIII\u00e8me si\u00e8cle, gr\u00e2ce \u00e0 louverture du col du Saint-Gothard, Saint-Amarin souvre au commerce international entre lItalie et la Flandre. Cest au XIX\u00e8me si\u00e8cle quelle sindustrialise, gr\u00e2ce \u00e0 danciennes mines dargent, de plomb, de cuivre, de cobalt et de zinc. A noter, l\u00e9glise de Saint-Amarin et le mus\u00e9e Serret. Roscoff La Maison de lEurope, Centre dinformation Europe Direct animera lespace Europe lors de la troisi\u00e8me \u00e9dition des Rencontres Internationales des Villes Jumel\u00e9es du Limousin qui se d\u00e9rouleront \u00e0 Limoges les 17 et 18 mai 2013. Aujourdhui, la Ville de Choisy entretient des relations privil\u00e9gi\u00e9es avec quatre villes : TREBES, Grande maison traditionnelle comprenant vaste s\u00e9jour avec chemin\u00e9e.. <img decoding=\"async\" src=\"http:\/\/www.ville-gentilly.fr\/\/uploads\/RTEmagicC_Activites06.11-06.12_02.png.png\" alt=\"rencontres villes jumel\u00e9es\" align=\"center\"> Pour vous accueillir, Lorch propose locations et chambres dh\u00f4tes et les vignerons vous feront d\u00e9guster des rieslings de qualit\u00e9! Les Cath\u00e9drales et les Eglises br\u00fblent, nous regardons ailleurs Une ambiance chaleureuse et une hospitalit\u00e9 des plus conviviales pour les \u00e9lus mais aussi les familles arcisiennes. Inutile de pr\u00e9ciser que le repr\u00e9sentant du maire de Figueira, Miguel Perreira adjoint d\u00e9l\u00e9gu\u00e9 \u00e0 lenvironnement, \u00e9tait ravi de cette annonce. Jacques J.P. Martin, quant \u00e0 lui, a soulign\u00e9 quen plus de laction solidaire il fallait ajouter que le choix de la plantation darbres n\u00e9tait pas anodin, car larbre cest la vie!  Seuls quatre jumelages sont actuellement tr\u00e8s actifs : Sikasso au Mali, Guimar\u00e3es au Portugal, Joliette au Qu\u00e9bec et Lauf en Allemagne. M\u00e9moire de laccueil des audunois pendant la 2nde guerre mondiale.<\/p>\n","protected":false},"excerpt":{"rendered":"<p>rencontres villes jumel\u00e9es<\/p>\n","protected":false},"author":1,"featured_media":0,"comment_status":"closed","ping_status":"closed","sticky":false,"template":"","format":"standard","meta":[],"categories":[1],"tags":[],"_links":{"self":[{"href":"http:\/\/moenskis.com\/site\/wp-json\/wp\/v2\/posts\/3433"}],"collection":[{"href":"http:\/\/moenskis.com\/site\/wp-json\/wp\/v2\/posts"}],"about":[{"href":"http:\/\/moenskis.com\/site\/wp-json\/wp\/v2\/types\/post"}],"author":[{"embeddable":true,"href":"http:\/\/moenskis.com\/site\/wp-json\/wp\/v2\/users\/1"}],"replies":[{"embeddable":true,"href":"http:\/\/moenskis.com\/site\/wp-json\/wp\/v2\/comments?post=3433"}],"version-history":[{"count":1,"href":"http:\/\/moenskis.com\/site\/wp-json\/wp\/v2\/posts\/3433\/revisions"}],"predecessor-version":[{"id":3434,"href":"http:\/\/moenskis.com\/site\/wp-json\/wp\/v2\/posts\/3433\/revisions\/3434"}],"wp:attachment":[{"href":"http:\/\/moenskis.com\/site\/wp-json\/wp\/v2\/media?parent=3433"}],"wp:term":[{"taxonomy":"category","embeddable":true,"href":"http:\/\/moenskis.com\/site\/wp-json\/wp\/v2\/categories?post=3433"},{"taxonomy":"post_tag","embeddable":true,"href":"http:\/\/moenskis.com\/site\/wp-json\/wp\/v2\/tags?post=3433"}],"curies":[{"name":"wp","href":"https:\/\/api.w.org\/{rel}","templated":true}]}}