{"id":3055,"date":"2020-06-25T20:14:48","date_gmt":"2020-06-25T20:14:48","guid":{"rendered":"http:\/\/moenskis.com\/site\/?p=3055"},"modified":"2020-06-22T07:42:25","modified_gmt":"2020-06-22T07:42:25","slug":"rencontre-annuelle-des-musulmans-uoif","status":"publish","type":"post","link":"http:\/\/moenskis.com\/site\/2020\/06\/25\/rencontre-annuelle-des-musulmans-uoif\/","title":{"rendered":"Rencontre Annuelle Des Musulmans Uoif"},"content":{"rendered":"<p>Recevez nos articles directement dans votre boite email. D\u00e9couvrez au fil de la semaine nos pistes de r\u00e9flexion et nos conseils pour entrer concr\u00e8tement dans la d\u00e9marche Une plong\u00e9e au c\u0153ur du quotidien des personnes \u00e0 qui nous venons en aide et du travail humanitaire : cest ce que vous propose le SIF sur le stand que nos \u00e9quipes animeront lors de la Rencontre annuelle des Musulmans de France au salon du Bourget, du 14 au 17 avril. Le Coran est la Parole dAllah r\u00e9v\u00e9l\u00e9e \u00e0 notre Proph\u00e8te et Messager Mohamed, que la paix et le salut soient sur lui, par linterm\u00e9diaire de LEsprit, Djibril lArchange Gabriel, pendant vingt-trois ann\u00e9es, du d\u00e9but de la r\u00e9v\u00e9lation \u00e0 la fin de sa mission proph\u00e9tique. Elle met en valeur la richesse \u00e9conomique et culturelle musulmane et orientale. Lint\u00e9grisme catholique nest pas comparable non plus. M\u00eame si sa menace nest pas \u00e0 n\u00e9gliger, il ne b\u00e9n\u00e9ficie daucun soutien intellectuel. Les signaux dalerte fonctionnent. Ce qui nest pas le cas avec lint\u00e9grisme musulman qui b\u00e9n\u00e9ficie de soutiens assum\u00e9s. <img decoding=\"async\" src=\"http:\/\/img15.hostingpics.net\/pics\/977210ramfbourget4881123.jpg\" alt=\"rencontre annuelle des musulmans uoif\" align=\"right\"> <img decoding=\"async\" src=\"http:\/\/misstoura.net\/blog\/wp-content\/uploads\/2017\/03\/fb_bourget.jpg\" alt=\"rencontre annuelle des musulmans uoif\" align=\"center\"> Recevez nos articles directement dans votre boite email. Rencontre annuelle des musulmans de France pr\u00e8s de Paris, entre pr\u00e9sidentielle et shopping Dapr\u00e8s Abu Harayra que Dieu soit satisfait de Lui, le messager de Dieu que la paix et le salut soient sur lui a dit Celui qui \u00e9coute un verset du Livre de Dieu, cela lui est inscrit comme une bonne action multipli\u00e9e, et celui qui r\u00e9cite un verset, il sera pour lui-m\u00eame une lumi\u00e8re au jour de la r\u00e9surrection. Rapport\u00e9 par Ahmed. Le Conseil Constitutionnel ne sest par ailleurs pas \u00e9lev\u00e9 contre des lois proprement discriminatoires, visant \u00e0 ce que lEtat accorde une protection particuli\u00e8re \u00e0 certaines communaut\u00e9s, ce qui contrevient \u00e0 l\u00e9galit\u00e9 en droit, un des fondements de notre Constitution. Lois Pleven, Gayssot et autres Vous avez oubli\u00e9 votre pseudonyme ou mot de passe? Tous les vendredis matin, lhumeur de Titiou Lecoq et sa s\u00e9lection du meilleur des internets.  Envoyer \u00e0 ladresse e-mail Votre nom Votre adresse e-mail <img decoding=\"async\" src=\"http:\/\/revmikewilliams.org\/img\/e72c4d541dcd11d36fc53d6f7568bb88.jpg\" alt=\"rencontre annuelle des musulmans uoif\" align=\"right\">  Nous utilisons des cookies pour vous offrir la meilleure exp\u00e9rience en ligne. En acceptant, vous acceptez lutilisation de cookies conform\u00e9ment \u00e0 notre politique de confidentialit\u00e9. Probablement est-ce aussi la raison pour laquelle la pr\u00e9sence de personnes jug\u00e9es borderline, comme Omero Marongiu-Perria ou Ousmane Timera, n\u00e9tait pas souhait\u00e9e: le doute d\u00e9stabilise plus quil ne s\u00e9curise les fid\u00e8les. Veuillez saisir ladresse mail qui a servi \u00e0 cr\u00e9er votre compte LePoint.fr Je mabonne \u00e0 la newsletter quotidienne de francesoir.fr Lobjectif de lUOIF, selon Hassan Safoui qui organise le rassemblement, est de promouvoir un islam authentique dans le contexte fran\u00e7ais. : les textes sont disponibles sous ; dautres conditions peuvent sappliquer. Voyez les pour plus de d\u00e9tails, ainsi que les. En cas de r\u00e9utilisation des textes de cette page, voyez. A loccasion des 53 ans de la cr\u00e9ation du Fatah par Yasser Arafat, les m\u00e9dias ont publi\u00e9 de nombreuses vid\u00e9os de son leader Arafat. Mais elles ont volontairement omis une vid\u00e9o essentielle o\u00f9 le leader du.. Gr\u00e2ce \u00e0 la richesse des conf\u00e9rences dintervenants nationaux et internationaux de renom, des expositions culturelles et commerciales ainsi que des veill\u00e9es spirituelles et artistiques, la RAMF constitue le plus grand rendez-vous de la communaut\u00e9 musulmane fran\u00e7aise et europ\u00e9enne, puisquelle r\u00e9unit plus de 170 000 visiteurs et participants. Cest une premi\u00e8re en France. Les principaux candidats \u00e0 l\u00e9lection pr\u00e9sidentielle-sauf Marine Le Pen-auront tous rencontr\u00e9 les responsables du CFCM avant le premier tour. Fran\u00e7ois Fillon les a re\u00e7us mardi 11 avril, Beno\u00eet Hamon, jeudi 14, Emmanuel Macron les rencontrera mercredi 19 avril, et le rendez-vous avec Jean-Luc M\u00e9lenchon va \u00eatre fix\u00e9. .<\/p>\n","protected":false},"excerpt":{"rendered":"<p>rencontre annuelle des musulmans uoif<\/p>\n","protected":false},"author":1,"featured_media":0,"comment_status":"closed","ping_status":"closed","sticky":false,"template":"","format":"standard","meta":[],"categories":[1],"tags":[],"_links":{"self":[{"href":"http:\/\/moenskis.com\/site\/wp-json\/wp\/v2\/posts\/3055"}],"collection":[{"href":"http:\/\/moenskis.com\/site\/wp-json\/wp\/v2\/posts"}],"about":[{"href":"http:\/\/moenskis.com\/site\/wp-json\/wp\/v2\/types\/post"}],"author":[{"embeddable":true,"href":"http:\/\/moenskis.com\/site\/wp-json\/wp\/v2\/users\/1"}],"replies":[{"embeddable":true,"href":"http:\/\/moenskis.com\/site\/wp-json\/wp\/v2\/comments?post=3055"}],"version-history":[{"count":1,"href":"http:\/\/moenskis.com\/site\/wp-json\/wp\/v2\/posts\/3055\/revisions"}],"predecessor-version":[{"id":3056,"href":"http:\/\/moenskis.com\/site\/wp-json\/wp\/v2\/posts\/3055\/revisions\/3056"}],"wp:attachment":[{"href":"http:\/\/moenskis.com\/site\/wp-json\/wp\/v2\/media?parent=3055"}],"wp:term":[{"taxonomy":"category","embeddable":true,"href":"http:\/\/moenskis.com\/site\/wp-json\/wp\/v2\/categories?post=3055"},{"taxonomy":"post_tag","embeddable":true,"href":"http:\/\/moenskis.com\/site\/wp-json\/wp\/v2\/tags?post=3055"}],"curies":[{"name":"wp","href":"https:\/\/api.w.org\/{rel}","templated":true}]}}