{"id":2681,"date":"2020-06-24T06:12:38","date_gmt":"2020-06-24T06:12:38","guid":{"rendered":"http:\/\/moenskis.com\/site\/?p=2681"},"modified":"2020-06-22T03:16:43","modified_gmt":"2020-06-22T03:16:43","slug":"rencontre-bouteflika-mohamed-6","status":"publish","type":"post","link":"http:\/\/moenskis.com\/site\/2020\/06\/24\/rencontre-bouteflika-mohamed-6\/","title":{"rendered":"Rencontre Bouteflika Mohamed 6"},"content":{"rendered":"<p>Il mest particuli\u00e8rement agr\u00e9able, au moment o\u00f9 le peuple marocain fr\u00e8re c\u00e9l\u00e8bre le 63e anniversaire de sa glorieuse ind\u00e9pendance, de vous adresser mes chaleureuses f\u00e9licitations et mes v\u0153ux les meilleurs, priant Dieu Tout-puissant de vous accorder, ainsi qu\u00e0 la famille royale, sant\u00e9 et bien-\u00eatre et davantage de progr\u00e8s et de prosp\u00e9rit\u00e9 au peuple marocain fr\u00e8re, sous votre direction \u00e9clair\u00e9e, \u00e9crit le pr\u00e9sident Bouteflika dans son message. Consolider les relations Il d\u00e9posera plainte contre le directeur du Matin, plainte qui tra\u00eene toujours sur le bureau du juge en cette fin dann\u00e9e 2003. Le 26 novembre 2005, il est admis au Val-de-Gr\u00e2ce, officiellement pour \u00eatre op\u00e9r\u00e9 dun. Comme pour chacune de ses hospitalisations ult\u00e9rieures, les informations communiqu\u00e9es sont tr\u00e8s rares et l\u00e9tat du pr\u00e9sident de la R\u00e9publique fait lobjet de sp\u00e9culations dans lopinion et la presse alg\u00e9riennes. Un est notamment \u00e9voqu\u00e9 cette hypoth\u00e8se sera plus tard corrobor\u00e9e par les. Abdelaziz Bouteflika rentre finalement en Alg\u00e9rie le 31 d\u00e9cembre 2005. Pour de nombreux observateurs, les quatre accus\u00e9s sont les vaincus dune longue lutte de pouvoir ayant oppos\u00e9 sous la pr\u00e9sidence Bouteflika l\u00e9tat-major de larm\u00e9e et le DRS. LArm\u00e9e, par la voix de son patron, le chef d\u00e9tat-major, cible directement lentourage du pr\u00e9sident, le qualifiant de bande. Lutte anti-terroriste que la position communautaire a  <img decoding=\"async\" src=\"http:\/\/cnpnews.net\/wp-content\/uploads\/2017\/10\/eva-joly.jpg\" alt=\"rencontre bouteflika mohamed 6\" align=\"right\"> affaire close : relit le post99, je reconnais ma faute  d\u00e9cembre dernier, visite officielle du Chef du gouvernement Abdelmadjid Tebboune a remport\u00e9 d\u00e8s le premier tour jeudi l\u00e9lection pr\u00e9sidentielle en Alg\u00e9rie, mais pour \u00eatre qui \u00e9branle le pays depuis pr\u00e8s de dix mois et a pouss\u00e9 \u00e0 la d\u00e9mission Abdelaziz Bouteflika en avril. Offre 100 num\u00e9rique: 1 le 1er mois sans engagement This website is using a security service to protect itself from online attacks. The action you just performed triggered the security solution. There are several actions that could trigger this block including submitting a certain word or phrase, a SQL command or malformed data. Conscientes de lextr\u00eame densit\u00e9 et de la richesse exceptionnelle des liens multiformes qui les unissent tout en assumant pleinement le legs du pass\u00e9 et soucieuses dinscrire leurs relations dans une vision novatrice r\u00e9solument tourn\u00e9e vers le progr\u00e8s et lavenir, adoss\u00e9e aux valeurs damiti\u00e9, de solidarit\u00e9 et de coop\u00e9ration, la France et lAlg\u00e9rie veulent sengager dans la construction dun avenir partag\u00e9. Les presses marocaine et alg\u00e9rienne se sont f\u00e9licit\u00e9es jeudi de ce d\u00e9gel annonc\u00e9 et dune nouvelle page dans leurs relations mouvement\u00e9es. En mars 2005 sest d\u00e9roul\u00e9 \u00e0 Alger le sommet de la Ligue arabe, auquel a pris part le roi Mohammed VI. La venue du souverain marocain avait marqu\u00e9 le d\u00e9but dun rapprochement entre lAlg\u00e9rie et le Maroc, le ministre des Affaires \u00e9trang\u00e8res de l\u00e9poque, Abdelaziz Belkhadem, ayant parl\u00e9 de d\u00e9gel et qualifi\u00e9 la rencontre entre Bouteflika et Mohammed VI de conviviale. Le roi marocain \u00e9tait m\u00eame sorti par voiture dans les rues dAlger afin de saluer la foule. Grands projets dinfrastructures \u00e9conomiques. Les pr\u00eats de la BEI Aujourdhui ce sont les produits algeriens qui inondent le Maroc par la contrebande, va faire un tour \u00e0 Oujda, qui sans les produits de contrebande creverait de faim, ce qui est tr\u00e8s loin d\u00eatre le cas de Tlemcen. Abdelaziz Bouteflika fait ses premi\u00e8res classes au d\u00e9but des ann\u00e9es 1940, \u00e0, une \u00e9cole moderne fond\u00e9e en 1907, au lendemain de la prise dOujda par les troupes de. En 1950, il rejoint l\u00e9cole de Hassania. Il poursuit sa scolarit\u00e9 au lyc\u00e9e Abdelmoumen dOujda, o\u00f9 il adh\u00e8re \u00e0 la cellule de l, parti nationaliste marocain. <img decoding=\"async\" src=\"http:\/\/img.over-blog-kiwi.com\/0\/93\/23\/67\/20180116\/ob_9b77e8_charef1.jpg\" alt=\"rencontre bouteflika mohamed 6\" align=\"left\"> Le mot maghreb na rien de p\u00e9joratif la seul insulte pour lalgerie c al amazighia qui a \u00e9t\u00e9 fabriquer de toutes pi\u00e9ces par jacques benet pour combattre la culture arabo musulmane. Votre commentaire napporte aucune solution c juste pour vous venter de votre fausse identit\u00e9e. Look up words and phrases in comprehensive, reliable bilingual dictionaries and search through billions of online translations. La crise du Sahara occidental ne cesse dempoisonner les relations entre les deux \u00c9tats. Pour Alger, cette question rel\u00e8ve de la d\u00e9colonisation et de la pr\u00e9valence du droit des peuples \u00e0 disposer deux-m\u00eames, consacr\u00e9 par les Nations-Unies d\u00e8s leur cr\u00e9ation en 1945. Alger en appelle donc \u00e0 laction des grandes puissances, notamment celles qui ont un si\u00e8ge au Conseil de s\u00e9curit\u00e9 de lONU afin de faire appliquer le droit dans le cadre de cette crise 13. Dailleurs, en 2002, le pays demande m\u00eame par le biais de lONU que ce territoire soit partag\u00e9 avec le Maroc 14. La R\u00e9publique Arabe Sahraouie D\u00e9mocratique RASD cr\u00e9\u00e9e en 1976 est soutenue par Alger qui accepte m\u00eame dabriter sur son sol ses dirigeants mais \u00e9galement des centaines de milliers de r\u00e9fugi\u00e9s sahraouis 15. Pour Rabat, il sagit de la d\u00e9fense pour lint\u00e9grit\u00e9 de son territoire. Sa perception de la menace est obnubil\u00e9e par la question des fronti\u00e8res. D\u00e9cembre 1968 Circulation, Emploi, S\u00e9jour, sign\u00e9 le 11 Nos groupements r\u00e9gionaux auraient pu \u00eatre plus efficaces face \u00e0 cette situation. Et lon peut \u00e0 juste titre penser que, si lUMA avait r\u00e9ellement exist\u00e9, nous serions plus forts, avait dit le roi, avant dajouter Or, h\u00e9las, lUMA nexiste pas.  <img decoding=\"async\" src=\"http:\/\/p.calameoassets.com\/180902220250-6b0192619b3fb60987205d56fc1284d1\/p1.jpg\" alt=\"rencontre bouteflika mohamed 6\" align=\"right\"> De m\u00eame,, le PDG depuis avril 2018 de la Sonatrach la soci\u00e9t\u00e9 nationale des hydrocarbures et le ministre des Mines, sont tr\u00e8s li\u00e9s au DRS.<\/p>\n","protected":false},"excerpt":{"rendered":"<p>rencontre bouteflika mohamed 6<\/p>\n","protected":false},"author":1,"featured_media":0,"comment_status":"closed","ping_status":"closed","sticky":false,"template":"","format":"standard","meta":[],"categories":[1],"tags":[],"_links":{"self":[{"href":"http:\/\/moenskis.com\/site\/wp-json\/wp\/v2\/posts\/2681"}],"collection":[{"href":"http:\/\/moenskis.com\/site\/wp-json\/wp\/v2\/posts"}],"about":[{"href":"http:\/\/moenskis.com\/site\/wp-json\/wp\/v2\/types\/post"}],"author":[{"embeddable":true,"href":"http:\/\/moenskis.com\/site\/wp-json\/wp\/v2\/users\/1"}],"replies":[{"embeddable":true,"href":"http:\/\/moenskis.com\/site\/wp-json\/wp\/v2\/comments?post=2681"}],"version-history":[{"count":1,"href":"http:\/\/moenskis.com\/site\/wp-json\/wp\/v2\/posts\/2681\/revisions"}],"predecessor-version":[{"id":2682,"href":"http:\/\/moenskis.com\/site\/wp-json\/wp\/v2\/posts\/2681\/revisions\/2682"}],"wp:attachment":[{"href":"http:\/\/moenskis.com\/site\/wp-json\/wp\/v2\/media?parent=2681"}],"wp:term":[{"taxonomy":"category","embeddable":true,"href":"http:\/\/moenskis.com\/site\/wp-json\/wp\/v2\/categories?post=2681"},{"taxonomy":"post_tag","embeddable":true,"href":"http:\/\/moenskis.com\/site\/wp-json\/wp\/v2\/tags?post=2681"}],"curies":[{"name":"wp","href":"https:\/\/api.w.org\/{rel}","templated":true}]}}