{"id":2403,"date":"2020-06-24T13:24:24","date_gmt":"2020-06-24T13:24:24","guid":{"rendered":"http:\/\/moenskis.com\/site\/?p=2403"},"modified":"2020-06-21T23:38:51","modified_gmt":"2020-06-21T23:38:51","slug":"rencontre-autriche","status":"publish","type":"post","link":"http:\/\/moenskis.com\/site\/2020\/06\/24\/rencontre-autriche\/","title":{"rendered":"Rencontre Autriche"},"content":{"rendered":"<p>Jean-\u00c9tienne Liotard, Portrait de Maria Antonia Marie-Antoinette, archiduchesse dAutriche, future reine de France, filant une frivolit\u00e9, 1762, d\u00e9p\u00f4t de la Fondation Gottfried Keller, Cabinet darts graphiques des Mus\u00e9es dart et dhistoire,, photo: B. Jacot-Descombes, inv. 1947-42 Liotard et Marie-Th\u00e9r\u00e8se \u00e9tablir ou de demeurer d\u00e9finitivement dans ce pays, pour dautres A l\u00e9poque, il n\u00e9tait pas membre du gouvernement. Et la position du gouvernement est de continuer \u00e0 soutenir la solution \u00e0 deux Etats, indique la cheffe de la diplomatie autrichienne. Le gouvernement actuel de coalition, avec \u00e0 sa t\u00eate le chancelier Sebastian Kurz, continuera \u00e0 adh\u00e9rer \u00e0 la politique de lUnion europ\u00e9enne, \u00e0 savoir le soutien \u00e0 la solution \u00e0 deux Etats et J\u00e9rusalem-Est comme capitale dun futur \u00c9tat palestinien, ajoute-t-elle. La d\u00e9l\u00e9gation du lyc\u00e9e Marseilleveyre \u00e9tait repr\u00e9sent\u00e9e par les \u00e9l\u00e8ves suivants : Elise Rey, Luca Astoin, Janna Aidouche et Iman Ouichou.  Rendez-vous 6h \u00e0 la\u00e9roport de Nantes. Chlo\u00e9 et Tifaine nous attendent depuis 5h30. Monsieur Morchid nous rejoint avec Benjamin, Cl\u00e9ment et Ana\u00efs. Et Kathleen, du haut de ses talons, compl\u00e8te l\u00e9quipe Comenius. Qualifications, Suisse-Autriche 2-3: lAutriche remporte la rencontre Soyez pr\u00eats pour une gamme de conduites verbales et non verbales en Autriche. Souvenez-vous que les Autrichiens sont conservatifs et officieux, ce qui pourrait diff\u00e9rer de votre propre approche culturelle. Jai donc d\u00fb \u00eatre curieux et me renseigner sur le sujet. Il faut, pour moi, se poser des questions sur la faisabilit\u00e9, daller loin dans la curiosit\u00e9 et dinterroger les fa\u00e7ons dont le projet peut se d\u00e9rouler. Au tour des Fran\u00e7ais qui, du fait du retard dans le programme, doivent raccourcir leur intervention. Pierre, d\u00e9\u00e7u, voit le r\u00f4le de sa vie senvoler. Cl\u00e9ment, Benjamin, Ana\u00efs, Chlo\u00e9, Tifaine et Kathleen remplissent parfaitement leur r\u00f4le et m\u00e9ritent les applaudissements du public. Portrait de Sebastian Kurz nouveau chancelier chamboule tout dAutriche et plus jeune dirigeant au monde-Challenges Prot\u00e9gez-vous des al\u00e9as de la vie professionnelle S\u00e9curisez votre avenir et celui de vos proches! Linscription est obligatoire car les places sont limit\u00e9es.  Si tu continues \u00e0 naviguer, nous consid\u00e9rons que tu acceptes lutilisation de cookies. Cest vouloir d\u00e9cider, cest-\u00e0-dire ex\u00e9cuter lItalie sans m\u00eame entendre ses repr\u00e9sentants ; <img decoding=\"async\" src=\"http:\/\/img.src.ca\/2015\/09\/07\/635x357\/150907_240hh_gare-vienne-migrants_sn635.jpg\" alt=\"rencontre autriche\" align=\"left\"> En poursuivant votre navigation, vous acceptez lutilisation des cookies. La ministre de 54 ans sest \u00e9galement montr\u00e9e nostalgique dun pass\u00e9 plus r\u00e9cent lorsquelle \u00e9tait une journaliste et une universitaire respect\u00e9e pour ses connaissances profondes sur le Moyen-Orient le genre de personnalit\u00e9s courues par les diplomates isra\u00e9liens. Mais \u00e0 la fin du mois de d\u00e9cembre 2017, elle a \u00e9t\u00e9 d\u00e9sign\u00e9e persona non grata par J\u00e9rusalem en raison de ses liens avec le Parti de la libert\u00e9, une formation dextr\u00eame-droite et membre de la coalition gouvernementale autrichienne. Publi\u00e9 le 8 f\u00e9vr. 2017 \u00e0 14h09 Mis \u00e0 jour le 17 f\u00e9vr. 2017 \u00e0 12h25 v\u00e9hicules arrivant dAutriche et qui ont \u00e9vit\u00e9 lautoroute. Cette \u00e9quipe mobile Ce troisi\u00e8me espace rend compte de la richesse artistique import\u00e9e \u00e0 Brou par Marguerite, m\u00e9c\u00e8ne et amoureuse des arts. La Finlande a Sibelius, la Norv\u00e8ge, Grieg, le Danemark, Nielsen. Et la Su\u00e8de, le plus important et le plus central des pays nordiques? Elle a Franz Berwald 1796-1868, qui les pr\u00e9c\u00e8de tous mais qui, am\u00e8rement m\u00e9connu de son vivant, na pris la place qui lui revient quen notre si\u00e8cle, un si\u00e8cle quil annonce souvent dans sa musique. Activit\u00e9s sympas que vous pouvez faire tout seul : La plong\u00e9e est une activit\u00e9 tr\u00e8s populaire \u00e0 Ayia Napa. Vous pourrez ainsi d\u00e9couvrir de magnifiques paysages sous-marins pr\u00e9serv\u00e9s. Les amateurs dHistoire pourront se rendre au monast\u00e8re qui a donn\u00e9 son nom \u00e0 la ville Ayia signifie Saint en Grec. Le tirage au sort de la UEFA Champions League 2019-2020 a eu lieu ce jeudi \u00e0 Monaco. Les joueurs professionnels camerounais sont dores et d\u00e9j\u00e0.. Des questions de droit p\u00e9nal sont aussi au programme des discussions, comme la conservation de donn\u00e9es secondaires de t\u00e9l\u00e9communication, lacc\u00e8s par des autorit\u00e9s de poursuite p\u00e9nale \u00e0 des donn\u00e9es informatiques \u00e0 l\u00e9tranger ou les conditions de lemploi de logiciels espions dits GovWare Government Software, \u00e9galement appel\u00e9s chevaux de Troie. <img decoding=\"async\" src=\"http:\/\/www.voyagesetc.fr\/wordpress\/wp-content\/uploads\/2016\/05\/Hotel-sans-sous-design-hotel-vienne-autriche-entre%CC%81e-de-la-suite.jpg\" alt=\"rencontre autriche\" align=\"right\"> Borna Coric CRO-Dominic Thiem AUT 6-74, 2-6, 6-3 Depuis 2001 lassociation valorise et mutualise, de mani\u00e8re participative, les analyses des m\u00e9tiers et des dangers faites par les personnes du terrain : pr\u00e9venteurs, salari\u00e9s, formateurs, membres des CSE, etc. <img decoding=\"async\" src=\"http:\/\/www.eu2005.lu\/pictures\/actualites_photos\/06\/01jcj-schussel01.jpg\" alt=\"rencontre autriche\" align=\"center\"> .<\/p>\n","protected":false},"excerpt":{"rendered":"<p>rencontre autriche<\/p>\n","protected":false},"author":1,"featured_media":0,"comment_status":"closed","ping_status":"closed","sticky":false,"template":"","format":"standard","meta":[],"categories":[1],"tags":[],"_links":{"self":[{"href":"http:\/\/moenskis.com\/site\/wp-json\/wp\/v2\/posts\/2403"}],"collection":[{"href":"http:\/\/moenskis.com\/site\/wp-json\/wp\/v2\/posts"}],"about":[{"href":"http:\/\/moenskis.com\/site\/wp-json\/wp\/v2\/types\/post"}],"author":[{"embeddable":true,"href":"http:\/\/moenskis.com\/site\/wp-json\/wp\/v2\/users\/1"}],"replies":[{"embeddable":true,"href":"http:\/\/moenskis.com\/site\/wp-json\/wp\/v2\/comments?post=2403"}],"version-history":[{"count":1,"href":"http:\/\/moenskis.com\/site\/wp-json\/wp\/v2\/posts\/2403\/revisions"}],"predecessor-version":[{"id":2404,"href":"http:\/\/moenskis.com\/site\/wp-json\/wp\/v2\/posts\/2403\/revisions\/2404"}],"wp:attachment":[{"href":"http:\/\/moenskis.com\/site\/wp-json\/wp\/v2\/media?parent=2403"}],"wp:term":[{"taxonomy":"category","embeddable":true,"href":"http:\/\/moenskis.com\/site\/wp-json\/wp\/v2\/categories?post=2403"},{"taxonomy":"post_tag","embeddable":true,"href":"http:\/\/moenskis.com\/site\/wp-json\/wp\/v2\/tags?post=2403"}],"curies":[{"name":"wp","href":"https:\/\/api.w.org\/{rel}","templated":true}]}}